{"id":21110,"date":"2026-09-02T08:30:00","date_gmt":"2026-09-02T14:30:00","guid":{"rendered":"https:\/\/mezcalent.com\/news\/?p=21110"},"modified":"2026-09-02T08:34:30","modified_gmt":"2026-09-02T14:34:30","slug":"hermana-de-sofia-castro-celebra-un-ano-sin-vapear","status":"publish","type":"post","link":"https:\/\/mezcalent.com\/news\/hermana-de-sofia-castro-celebra-un-ano-sin-vapear-21110.html","title":{"rendered":"Hermana de Sof\u00eda Castro celebra un a\u00f1o sin vapear\u00a0"},"content":{"rendered":"\n<p>02 SEP (MEX) .- Fernanda Castro se encuentra de manteles largos, no s\u00f3lo porque est\u00e1 por estrenar \u00abNunca Ped\u00ed\u00bb que ser\u00e1 el tema musical de la nueva telenovela de su padre, Jos\u00e9 Alberto \u00abEl G\u00fcero\u00bb Castro, sino porque pudo dejar atr\u00e1s un vicio que afectaba su vida y su carrera.<\/p>\n\n\n\n<p>Mediante su cuenta de Instagram, la joven revel\u00f3 que acaba de cumplir un a\u00f1o sin usar el cigarro electr\u00f3nico y confes\u00f3 que desde el principio ha visto mejoras en su salud, en especial en su respiraci\u00f3n y en sus cuerdas vocales.<\/p>\n\n\n\n<p>\u00abLes quiero contar algo personal. Llevo 365 d\u00edas sin vapear.\u00a0No les voy a mentir, dejarlo fue una\u00a0friega.\u00a0Llevaba mucho tiempo fumando nicotina y siendo cantante, ni hablar. Escuch\u00e9 la diferencia a las dos semanas de dejarlo.\u00a0En fin, un a\u00f1o sin inhalar blueberry ice sabor c\u00e1ncer. Gracias por leerme\u00bb, escribi\u00f3 Fernanda.<\/p>\n\n\n\n<p>Asimismo, la chica confes\u00f3 que, al igual que mucha gente, pens\u00f3 que esta acci\u00f3n no era da\u00f1ina hasta que se dio cuenta de lo contrario y aprovech\u00f3 la oportunidad para animar a las personas que fumen cigarro de tabaco o electr\u00f3nico a que dejen de hacerlo.&nbsp;&nbsp;<\/p>\n\n\n\n<p>Fiera Lasa\/Mezcalent.com&nbsp;<\/p>\n\n\n\n<p>Prohibida su reproducci\u00f3n parcial o total. La copia o distribuci\u00f3n no autorizada de este art\u00edculo y su correspondiente imagen infringe los derechos de autor.<\/p>\n","protected":false},"excerpt":{"rendered":"<p>02 SEP (MEX) .- Fernanda Castro se encuentra de manteles largos, no s\u00f3lo porque est\u00e1 por estrenar &quot;Nunca Ped\u00ed&quot; que ser\u00e1 el tema musical de la nueva telenovela de su padre, Jos\u00e9 Alberto &quot;El G\u00fcero&quot; Castro, sino porque pudo dejar atr\u00e1s un vicio que afectaba su vida y su carrera.<\/p>\n","protected":false},"author":3,"featured_media":21112,"comment_status":"closed","ping_status":"closed","sticky":false,"template":"","format":"standard","meta":{"_seopress_robots_primary_cat":"none"},"categories":[1],"tags":[567],"acf":[],"_links":{"self":[{"href":"https:\/\/mezcalent.com\/news\/wp-json\/wp\/v2\/posts\/21110"}],"collection":[{"href":"https:\/\/mezcalent.com\/news\/wp-json\/wp\/v2\/posts"}],"about":[{"href":"https:\/\/mezcalent.com\/news\/wp-json\/wp\/v2\/types\/post"}],"author":[{"embeddable":true,"href":"https:\/\/mezcalent.com\/news\/wp-json\/wp\/v2\/users\/3"}],"replies":[{"embeddable":true,"href":"https:\/\/mezcalent.com\/news\/wp-json\/wp\/v2\/comments?post=21110"}],"version-history":[{"count":1,"href":"https:\/\/mezcalent.com\/news\/wp-json\/wp\/v2\/posts\/21110\/revisions"}],"predecessor-version":[{"id":21113,"href":"https:\/\/mezcalent.com\/news\/wp-json\/wp\/v2\/posts\/21110\/revisions\/21113"}],"wp:featuredmedia":[{"embeddable":true,"href":"https:\/\/mezcalent.com\/news\/wp-json\/wp\/v2\/media\/21112"}],"wp:attachment":[{"href":"https:\/\/mezcalent.com\/news\/wp-json\/wp\/v2\/media?parent=21110"}],"wp:term":[{"taxonomy":"category","embeddable":true,"href":"https:\/\/mezcalent.com\/news\/wp-json\/wp\/v2\/categories?post=21110"},{"taxonomy":"post_tag","embeddable":true,"href":"https:\/\/mezcalent.com\/news\/wp-json\/wp\/v2\/tags?post=21110"}],"curies":[{"name":"wp","href":"https:\/\/api.w.org\/{rel}","templated":true}]}}