{"id":21114,"date":"2026-09-02T08:32:00","date_gmt":"2026-09-02T14:32:00","guid":{"rendered":"https:\/\/mezcalent.com\/news\/?p=21114"},"modified":"2026-09-02T08:36:09","modified_gmt":"2026-09-02T14:36:09","slug":"laura-flores-desmiente-querer-la-eutanasia","status":"publish","type":"post","link":"https:\/\/mezcalent.com\/news\/laura-flores-desmiente-querer-la-eutanasia-21114.html","title":{"rendered":"Laura Flores desmiente querer la eutanasia\u00a0"},"content":{"rendered":"\n<p>02 SEP (MEX) .- En las \u00faltimas horas se ha hecho viral en las redes sociales un video en el que, presuntamente, Laura Flores aparece con el rostro desfigurado y se\u00f1ala su deseo de practicarse la muerte asistida; sin embargo, ella misma rompe el silencio para tratar de tranquilizar a sus seguidores.<\/p>\n\n\n\n<p>A trav\u00e9s de sus Instagram Stories, la actriz aprovech\u00f3 los momentos previos a un vuelo para negar rotundamente que tenga problemas de salud y que quiera terminar con su vida tal y como se ha asegurado.<\/p>\n\n\n\n<p>\u00abYo tengo hijos, tengo familia, gente que es allegada y que me quiere y se preocupa, por eso salgo a desmentir. Yo estoy bien, no estoy enferma, no me he muerto ni me pienso morir. Aparte me ponen toda morada, vean c\u00f3mo estoy en realidad\u00bb, dijo Laura.<\/p>\n\n\n\n<p>Para finalizar, la tambi\u00e9n cantante aprovech\u00f3 la oportunidad para agradecer a la gente que le ha mandado mensajes para saber c\u00f3mo se encuentra y asegur\u00f3 que, cada que su nombre se vea envuelto en este tipo de pol\u00e9micas, ella misma aclarar\u00e1 las cosas.&nbsp;<\/p>\n\n\n\n<p>Fiera Lasa\/Mezcalent.com&nbsp;<\/p>\n\n\n\n<p>Prohibida su reproducci\u00f3n parcial o total. La copia o distribuci\u00f3n no autorizada de este art\u00edculo y su correspondiente imagen infringe los derechos de autor.<\/p>\n","protected":false},"excerpt":{"rendered":"<p>02 SEP (MEX) .- En las \u00faltimas horas se ha hecho viral en las redes sociales un video en el que, presuntamente, Laura Flores aparece con el rostro desfigurado y se\u00f1ala su deseo de practicarse la muerte asistida; sin embargo, ella misma rompe el silencio para tratar de tranquilizar a sus seguidores.<\/p>\n","protected":false},"author":3,"featured_media":21116,"comment_status":"closed","ping_status":"closed","sticky":false,"template":"","format":"standard","meta":{"_seopress_robots_primary_cat":"none"},"categories":[1],"tags":[141],"acf":[],"_links":{"self":[{"href":"https:\/\/mezcalent.com\/news\/wp-json\/wp\/v2\/posts\/21114"}],"collection":[{"href":"https:\/\/mezcalent.com\/news\/wp-json\/wp\/v2\/posts"}],"about":[{"href":"https:\/\/mezcalent.com\/news\/wp-json\/wp\/v2\/types\/post"}],"author":[{"embeddable":true,"href":"https:\/\/mezcalent.com\/news\/wp-json\/wp\/v2\/users\/3"}],"replies":[{"embeddable":true,"href":"https:\/\/mezcalent.com\/news\/wp-json\/wp\/v2\/comments?post=21114"}],"version-history":[{"count":1,"href":"https:\/\/mezcalent.com\/news\/wp-json\/wp\/v2\/posts\/21114\/revisions"}],"predecessor-version":[{"id":21117,"href":"https:\/\/mezcalent.com\/news\/wp-json\/wp\/v2\/posts\/21114\/revisions\/21117"}],"wp:featuredmedia":[{"embeddable":true,"href":"https:\/\/mezcalent.com\/news\/wp-json\/wp\/v2\/media\/21116"}],"wp:attachment":[{"href":"https:\/\/mezcalent.com\/news\/wp-json\/wp\/v2\/media?parent=21114"}],"wp:term":[{"taxonomy":"category","embeddable":true,"href":"https:\/\/mezcalent.com\/news\/wp-json\/wp\/v2\/categories?post=21114"},{"taxonomy":"post_tag","embeddable":true,"href":"https:\/\/mezcalent.com\/news\/wp-json\/wp\/v2\/tags?post=21114"}],"curies":[{"name":"wp","href":"https:\/\/api.w.org\/{rel}","templated":true}]}}