{"id":21127,"date":"2026-09-03T07:18:00","date_gmt":"2026-09-03T13:18:00","guid":{"rendered":"https:\/\/mezcalent.com\/news\/?p=21127"},"modified":"2026-09-03T09:54:51","modified_gmt":"2026-09-03T15:54:51","slug":"video-sofia-castro-responde-a-supuesta-burla-de-jose-eduardo-y-paola","status":"publish","type":"post","link":"https:\/\/mezcalent.com\/news\/video-sofia-castro-responde-a-supuesta-burla-de-jose-eduardo-y-paola-21127.html","title":{"rendered":"VIDEO: Sof\u00eda Castro responde a supuesta burla de Jos\u00e9 Eduardo y Paola"},"content":{"rendered":"\n<p>03 SEP (MEX) .- Sof\u00eda Castro habla sobre la supuesta burla de Jos\u00e9 Eduardo Derbez y su esposa Paola Dalay que se difundi\u00f3 en redes sociales sobre el atuendo con el que asisti\u00f3 a la alfombra de la premier de la serie \u00abHotel Todo Incluido\u00bb (VIX).<\/p>\n\n\n\n<p>\u00abPara nada, yo quiero mucho a Paola, quiero mucho a Jos\u00e9 Eduardo, convivimos tres meses y medio. Ellos que s\u00ed estuvieron juntos all\u00e1 en Bilbao y yo estaba sola, mi esposo nada m\u00e1s fue un mes. Me adoptaron cuando yo estaba sola los domingos, la verdad es que es muy peligroso que las cosas se salgan de contexto.<\/p>\n\n\n\n<p>\u00abPara nada, hablamos, nos morimos de la risa del tema. Yo s\u00e9 perfectamente que no fue as\u00ed, conozco a Paola prefecto, conozco a Jos\u00e9 Eduardo tambi\u00e9n. Yo nada m\u00e1s de pretexto ya les dije que me deben una cena y unos tequilas por ese momento de la alfombra roja\u00bb.<\/p>\n\n\n\n<p>Incluso Sof\u00eda indica haberse sorprendido del revuelo que caus\u00f3 el short rojo que visti\u00f3 en dicho evento, pues se convirti\u00f3 en tendencia y fue duramente criticada en redes.<\/p>\n\n\n\n<p>\u00abMe da curiosidad que se haga viral un &#8216;short&#8217;. La verdad yo sigo amando mucho mi look, creo que la moda es para divertirse , entiendo que hay opiniones, que hay gustos, a m\u00ed me gust\u00f3 porque si ya est\u00e1s ense\u00f1ando pierna y luego digo ir tan embarrada a m\u00ed como que no (me gusta)<\/p>\n\n\n\n<p>\u00ab\u00a1Qu\u00e9 bueno que se hizo viral!, porque tambi\u00e9n as\u00ed promocionan mi serie\u00bb.<\/p>\n\n\n\n<figure class=\"wp-block-embed is-type-video is-provider-youtube wp-block-embed-youtube wp-embed-aspect-16-9 wp-has-aspect-ratio\"><div class=\"wp-block-embed__wrapper\">\n<iframe loading=\"lazy\" title=\"Sof\u00eda Castro responde a supuesta burla de Jos\u00e9 Eduardo y Paola\" width=\"500\" height=\"281\" src=\"https:\/\/www.youtube.com\/embed\/OuWWC-TdqDc?feature=oembed\" frameborder=\"0\" allow=\"accelerometer; autoplay; clipboard-write; encrypted-media; gyroscope; picture-in-picture; web-share\" referrerpolicy=\"strict-origin-when-cross-origin\" allowfullscreen><\/iframe>\n<\/div><\/figure>\n\n\n\n<p>La actriz encabeza la telenovela \u00abTierra de Amor y Coraje\u00bb (TelevisaUnivision), en la que tiene su primer protag\u00f3nico al lado de Brandon Peniche, Emilio Osorio y Emmanuel Palomares. Un momento muy significativo, ya que tuvo que trabajar por muchos a\u00f1os para ser la cabeza de un proyecto de la mano de su pap\u00e1 Jos\u00e9 Alberto \u00abel G\u00fcero\u00bb Castro.<\/p>\n\n\n\n<p>\u00abMe prepar\u00e9 16 a\u00f1os para este personaje&#8230;<\/p>\n\n\n\n<p>\u00abPues significa mucho, siempre supimos desde que yo empec\u00e9 mi carrera, desde que yo le dije que quer\u00eda ser actriz, que cuando fu\u00e9ramos a trabajar juntos y yo fuera protagonista iba a ser en el momento correcto y en el momento que yo estuviera lista tambi\u00e9n. Ustedes saben la trayectoria que tiene mi pap\u00e1, \u00e9l es muy estricto en sus castings y a la hora de escoger, entonces iba a ser en el momento adecuado, que yo tambi\u00e9n estuviera lista\u00bb.<\/p>\n\n\n\n<p>Aunque Sof\u00eda no pudo estar acompa\u00f1ada de su mam\u00e1, Ang\u00e9lica Rivera, recuerda las palabras que ella siempre le dice.<\/p>\n\n\n\n<p>\u00abQue ame siempre mucho lo que hago y siempre me han dicho que &#8216;los pies en la tierra y la nariz en el cielo&#8217;.<\/p>\n\n\n\n<p>\u00abMe mand\u00f3 un mensaje y una carta hermosa; que est\u00e1 s\u00faper orgullosa de m\u00ed, que le encanta ver todo lo que he logrado\u00bb.<\/p>\n\n\n\n<p>Su esposo Pablo Bernot tampoco asisti\u00f3 por motivos de trabajo, pero se hizo presente minutos antes de iniciar el evento.<\/p>\n\n\n\n<p>\u00abMi esposo hoy no me pudo acompa\u00f1ar porque \u00e9l est\u00e1 ahorita en Costa Rica. Se fue a trabajar, digo hay que apoyarnos, no vayan a empezar &#8216;que no vino&#8217;, &#8216;que no s\u00e9 qu\u00e9&#8217;, por favor; tambi\u00e9n me mand\u00f3 un mensaje, me marc\u00f3 por tel\u00e9fono y me dijo &#8216;te mereces esto y m\u00e1s, me consta que s\u00ed le has trabajado y estoy muy orgulloso de ti'\u00bb.<\/p>\n\n\n\n<p>Erika Uribe y Lalo Carrasco\/MezcalTV<\/p>\n\n\n\n<p>Prohibida su reproducci\u00f3n parcial o total. La copia o distribuci\u00f3n no autorizada de este art\u00edculo y su correspondiente imagen infringe los derechos de autor.<\/p>\n","protected":false},"excerpt":{"rendered":"<p>03 SEP (MEX) .- Sof\u00eda Castro habla sobre la supuesta burla de Jos\u00e9 Eduardo Derbez y su esposa Paola Dalay que se difundi\u00f3 en redes sociales sobre el atuendo con el que asisti\u00f3 a la alfombra de la premier de la serie &quot;Hotel Todo Incluido&quot; (VIX).<\/p>\n","protected":false},"author":3,"featured_media":21129,"comment_status":"closed","ping_status":"closed","sticky":false,"template":"","format":"standard","meta":{"_seopress_robots_primary_cat":"none"},"categories":[1],"tags":[104,2054,356],"acf":[],"_links":{"self":[{"href":"https:\/\/mezcalent.com\/news\/wp-json\/wp\/v2\/posts\/21127"}],"collection":[{"href":"https:\/\/mezcalent.com\/news\/wp-json\/wp\/v2\/posts"}],"about":[{"href":"https:\/\/mezcalent.com\/news\/wp-json\/wp\/v2\/types\/post"}],"author":[{"embeddable":true,"href":"https:\/\/mezcalent.com\/news\/wp-json\/wp\/v2\/users\/3"}],"replies":[{"embeddable":true,"href":"https:\/\/mezcalent.com\/news\/wp-json\/wp\/v2\/comments?post=21127"}],"version-history":[{"count":1,"href":"https:\/\/mezcalent.com\/news\/wp-json\/wp\/v2\/posts\/21127\/revisions"}],"predecessor-version":[{"id":21130,"href":"https:\/\/mezcalent.com\/news\/wp-json\/wp\/v2\/posts\/21127\/revisions\/21130"}],"wp:featuredmedia":[{"embeddable":true,"href":"https:\/\/mezcalent.com\/news\/wp-json\/wp\/v2\/media\/21129"}],"wp:attachment":[{"href":"https:\/\/mezcalent.com\/news\/wp-json\/wp\/v2\/media?parent=21127"}],"wp:term":[{"taxonomy":"category","embeddable":true,"href":"https:\/\/mezcalent.com\/news\/wp-json\/wp\/v2\/categories?post=21127"},{"taxonomy":"post_tag","embeddable":true,"href":"https:\/\/mezcalent.com\/news\/wp-json\/wp\/v2\/tags?post=21127"}],"curies":[{"name":"wp","href":"https:\/\/api.w.org\/{rel}","templated":true}]}}