{"id":21136,"date":"2026-09-03T10:06:50","date_gmt":"2026-09-03T16:06:50","guid":{"rendered":"https:\/\/mezcalent.com\/news\/?p=21136"},"modified":"2026-09-03T10:06:52","modified_gmt":"2026-09-03T16:06:52","slug":"a-b-y-suzette-quintanilla-se-pelean-en-redes-sociales","status":"publish","type":"post","link":"https:\/\/mezcalent.com\/news\/a-b-y-suzette-quintanilla-se-pelean-en-redes-sociales-21136.html","title":{"rendered":"A.B. y Suzette Quintanilla se pelean en redes sociales"},"content":{"rendered":"\n<p>03 SEP (MEX) .- Luego de que la semana pasada A.B. Quintanilla diera a conocer que entabl\u00f3 una demanda en contra de su hermana Suzette y de su fallecido padre Abraham por presuntos malos manejos de la herencia de Selena, ahora ella responde.<\/p>\n\n\n\n<p>Mediante un comunicado, la baterista de Selena y Los Dinos asegur\u00f3 que\u00a0no ha robado, malversado ni tomado indebidamente el dinero o los bienes pertenecientes al l\u00edder de los Kumbia Kings, sus padres,\u00a0Chris P\u00e9rez, viudo de Selena, el patrimonio de la cantante ni a ninguna empresa familiar o de propiedad conjunta.<\/p>\n\n\n\n<p>\u00abHemos visto la reciente declaraci\u00f3n p\u00fablica de A.B. Debido a que tiene insinuaciones graves y falsas relacionadas nuestra familia, consideramos necesario aclarar los hechos. Suzette nunca ha sido notificada, No ha recibido ninguna demanda presentada ante un tribunal, citatorio, petici\u00f3n ni ning\u00fan otro documento legal relacionado con todas las acusaciones que A.B. describe\u00bb, expresa el escrito.<\/p>\n\n\n\n<p>Sin embargo, el asunto no termin\u00f3 ah\u00ed, pues minutos despu\u00e9s A.B comparti\u00f3 un escrito en el que reprob\u00f3 que su hermana est\u00e9 utilizando a su madre, do\u00f1a Marcela, de escudo, pues se\u00f1ala que ella no sab\u00eda nada de las situaciones que ocurr\u00edan a su alrededor, pues nunca tuvo participaci\u00f3n en nada relacionado con \u00abLa Reina del Tex Mex\u00bb.&nbsp;<\/p>\n\n\n\n<p>Fiera Lasa\/Mezcalent.com&nbsp;<\/p>\n\n\n\n<p>Prohibida su reproducci\u00f3n parcial o total. La copia o distribuci\u00f3n no autorizada de este art\u00edculo y su correspondiente imagen infringe los derechos de autor.<\/p>\n","protected":false},"excerpt":{"rendered":"<p>03 SEP (MEX) .- Luego de que la semana pasada A.B. Quintanilla diera a conocer que entabl\u00f3 una demanda en contra de su hermana Suzette y de su fallecido padre Abraham por presuntos malos manejos de la herencia de Selena, ahora ella responde.<\/p>\n","protected":false},"author":3,"featured_media":21138,"comment_status":"closed","ping_status":"closed","sticky":false,"template":"","format":"standard","meta":{"_seopress_robots_primary_cat":"none"},"categories":[1],"tags":[2031,2055],"acf":[],"_links":{"self":[{"href":"https:\/\/mezcalent.com\/news\/wp-json\/wp\/v2\/posts\/21136"}],"collection":[{"href":"https:\/\/mezcalent.com\/news\/wp-json\/wp\/v2\/posts"}],"about":[{"href":"https:\/\/mezcalent.com\/news\/wp-json\/wp\/v2\/types\/post"}],"author":[{"embeddable":true,"href":"https:\/\/mezcalent.com\/news\/wp-json\/wp\/v2\/users\/3"}],"replies":[{"embeddable":true,"href":"https:\/\/mezcalent.com\/news\/wp-json\/wp\/v2\/comments?post=21136"}],"version-history":[{"count":1,"href":"https:\/\/mezcalent.com\/news\/wp-json\/wp\/v2\/posts\/21136\/revisions"}],"predecessor-version":[{"id":21139,"href":"https:\/\/mezcalent.com\/news\/wp-json\/wp\/v2\/posts\/21136\/revisions\/21139"}],"wp:featuredmedia":[{"embeddable":true,"href":"https:\/\/mezcalent.com\/news\/wp-json\/wp\/v2\/media\/21138"}],"wp:attachment":[{"href":"https:\/\/mezcalent.com\/news\/wp-json\/wp\/v2\/media?parent=21136"}],"wp:term":[{"taxonomy":"category","embeddable":true,"href":"https:\/\/mezcalent.com\/news\/wp-json\/wp\/v2\/categories?post=21136"},{"taxonomy":"post_tag","embeddable":true,"href":"https:\/\/mezcalent.com\/news\/wp-json\/wp\/v2\/tags?post=21136"}],"curies":[{"name":"wp","href":"https:\/\/api.w.org\/{rel}","templated":true}]}}