{"id":21141,"date":"2026-09-04T09:35:00","date_gmt":"2026-09-04T15:35:00","guid":{"rendered":"https:\/\/mezcalent.com\/news\/?p=21141"},"modified":"2026-09-04T09:49:10","modified_gmt":"2026-09-04T15:49:10","slug":"la-oreja-de-van-gogh-estamos-de-maravilla","status":"publish","type":"post","link":"https:\/\/mezcalent.com\/news\/la-oreja-de-van-gogh-estamos-de-maravilla-21141.html","title":{"rendered":"La Oreja de Van Gogh: Estamos de maravilla"},"content":{"rendered":"\n<p>04 SEP (MEX) .- Pese a que el regreso de Amaia Montero a La Oreja de Van Gogh luego de m\u00e1s de una d\u00e9cada ha dividido opiniones entre el p\u00fablico, la cantante asegura que el grupo se encuentra en una de las mejores etapas tanto personal como art\u00edsticamente.<\/p>\n\n\n\n<p>A su paso por la alfombra roja de los Premios Juventud, la vocalista de la banda asegur\u00f3 que la armon\u00eda con sus compa\u00f1eros va viento en popa y eso se ve reflejado cada vez que ofrecen un concierto o dan alg\u00fan aut\u00f3grafo.&nbsp;<\/p>\n\n\n\n<p>\u00abEstamos de maravilla y encantados con todo, sobre todo con nosotros mismos y eso es fundamental, porque si no estuvi\u00e9ramos tan bien cada uno, no estar\u00edamos viviendo esta vuelta de una manera tan plena. Ha sido un revuelo y una locura todo esto\u00bb, dijo Amaia.<\/p>\n\n\n\n<p>Estas declaraciones provocaron todo tipo de comentarios en redes sociales, pues hubo personas que aseguraron que la cantante est\u00e1 haciendo su mejor esfuerzo por recobrar el tiempo, hubo otras m\u00e1s que se\u00f1alaron que Leire Mart\u00ednez era mucho mejor que ella.<\/p>\n\n\n\n<p>Fiera Lasa\/Mezcalent.com&nbsp;<\/p>\n\n\n\n<p>Prohibida su reproducci\u00f3n parcial o total. La copia o distribuci\u00f3n no autorizada de este art\u00edculo y su correspondiente imagen infringe los derechos de autor.<\/p>\n","protected":false},"excerpt":{"rendered":"<p>04 SEP (MEX) .- Pese a que el regreso de Amaia Montero a La Oreja de Van Gogh luego de m\u00e1s de una d\u00e9cada ha dividido opiniones entre el p\u00fablico, la cantante asegura que el grupo se encuentra en una de las mejores etapas tanto personal como art\u00edsticamente.<\/p>\n","protected":false},"author":3,"featured_media":21143,"comment_status":"closed","ping_status":"closed","sticky":false,"template":"","format":"standard","meta":{"_seopress_robots_primary_cat":"none"},"categories":[1],"tags":[1784],"acf":[],"_links":{"self":[{"href":"https:\/\/mezcalent.com\/news\/wp-json\/wp\/v2\/posts\/21141"}],"collection":[{"href":"https:\/\/mezcalent.com\/news\/wp-json\/wp\/v2\/posts"}],"about":[{"href":"https:\/\/mezcalent.com\/news\/wp-json\/wp\/v2\/types\/post"}],"author":[{"embeddable":true,"href":"https:\/\/mezcalent.com\/news\/wp-json\/wp\/v2\/users\/3"}],"replies":[{"embeddable":true,"href":"https:\/\/mezcalent.com\/news\/wp-json\/wp\/v2\/comments?post=21141"}],"version-history":[{"count":1,"href":"https:\/\/mezcalent.com\/news\/wp-json\/wp\/v2\/posts\/21141\/revisions"}],"predecessor-version":[{"id":21144,"href":"https:\/\/mezcalent.com\/news\/wp-json\/wp\/v2\/posts\/21141\/revisions\/21144"}],"wp:featuredmedia":[{"embeddable":true,"href":"https:\/\/mezcalent.com\/news\/wp-json\/wp\/v2\/media\/21143"}],"wp:attachment":[{"href":"https:\/\/mezcalent.com\/news\/wp-json\/wp\/v2\/media?parent=21141"}],"wp:term":[{"taxonomy":"category","embeddable":true,"href":"https:\/\/mezcalent.com\/news\/wp-json\/wp\/v2\/categories?post=21141"},{"taxonomy":"post_tag","embeddable":true,"href":"https:\/\/mezcalent.com\/news\/wp-json\/wp\/v2\/tags?post=21141"}],"curies":[{"name":"wp","href":"https:\/\/api.w.org\/{rel}","templated":true}]}}