{"id":21145,"date":"2026-09-04T09:37:00","date_gmt":"2026-09-04T15:37:00","guid":{"rendered":"https:\/\/mezcalent.com\/news\/?p=21145"},"modified":"2026-09-04T09:50:39","modified_gmt":"2026-09-04T15:50:39","slug":"carlos-baute-y-martha-sanchez-haran-gira-juntos","status":"publish","type":"post","link":"https:\/\/mezcalent.com\/news\/carlos-baute-y-martha-sanchez-haran-gira-juntos-21145.html","title":{"rendered":"Carlos Baute y Martha S\u00e1nchez har\u00e1n gira juntos"},"content":{"rendered":"\n<p>04 SEP (MEX) .- Han pasado casi dos d\u00e9cadas desde que Carlos Baute y Martha S\u00e1nchez cautivaron al p\u00fablico con el tema \u00abColgando En Tus Manos\u00bb y aunque cada uno tiene su trayectoria, existe la posibilidad de un proyecto en conjunto.<\/p>\n\n\n\n<p>A su paso por la alfombra roja de los Premios Juventud, los cantantes se mostraron muy contentos con su reencuentro y revelaron que ya van varios ejecutivos que les ofrecen realizar un tour mundial en conjunto.&nbsp;<\/p>\n\n\n\n<p>\u00abNos han estado haciendo ofertas para hacer una gira juntos. Queremos y tenemos que hacerlo, pero ha coincidido con las celebraciones de a\u00f1os de nuestras carreras, pero s\u00ed lo vamos a hacer. Me encantar\u00eda cantar temas suyos y que ella cante m\u00edos\u00bb, dijo Carlos.<\/p>\n\n\n\n<p>Por su parte, Martha se\u00f1al\u00f3 que siempre se ha mantenido en contacto con el venezolano y que agradece que este tema no s\u00f3lo les ha permitido obtener varios reconocimientos, sino tambi\u00e9n cultivar una amistad sumamente especial.<\/p>\n\n\n\n<p>Fiera Lasa\/Mezcalent.com&nbsp;<\/p>\n\n\n\n<p>Prohibida su reproducci\u00f3n parcial o total. La copia o distribuci\u00f3n no autorizada de este art\u00edculo y su correspondiente imagen infringe los derechos de autor.<\/p>\n","protected":false},"excerpt":{"rendered":"<p>04 SEP (MEX) .- Han pasado casi dos d\u00e9cadas desde que Carlos Baute y Martha S\u00e1nchez cautivaron al p\u00fablico con el tema &quot;Colgando En Tus Manos&quot; y aunque cada uno tiene su trayectoria, existe la posibilidad de un proyecto en conjunto.<\/p>\n","protected":false},"author":3,"featured_media":21147,"comment_status":"closed","ping_status":"closed","sticky":false,"template":"","format":"standard","meta":{"_seopress_robots_primary_cat":"none"},"categories":[1],"tags":[1329,1766],"acf":[],"_links":{"self":[{"href":"https:\/\/mezcalent.com\/news\/wp-json\/wp\/v2\/posts\/21145"}],"collection":[{"href":"https:\/\/mezcalent.com\/news\/wp-json\/wp\/v2\/posts"}],"about":[{"href":"https:\/\/mezcalent.com\/news\/wp-json\/wp\/v2\/types\/post"}],"author":[{"embeddable":true,"href":"https:\/\/mezcalent.com\/news\/wp-json\/wp\/v2\/users\/3"}],"replies":[{"embeddable":true,"href":"https:\/\/mezcalent.com\/news\/wp-json\/wp\/v2\/comments?post=21145"}],"version-history":[{"count":1,"href":"https:\/\/mezcalent.com\/news\/wp-json\/wp\/v2\/posts\/21145\/revisions"}],"predecessor-version":[{"id":21148,"href":"https:\/\/mezcalent.com\/news\/wp-json\/wp\/v2\/posts\/21145\/revisions\/21148"}],"wp:featuredmedia":[{"embeddable":true,"href":"https:\/\/mezcalent.com\/news\/wp-json\/wp\/v2\/media\/21147"}],"wp:attachment":[{"href":"https:\/\/mezcalent.com\/news\/wp-json\/wp\/v2\/media?parent=21145"}],"wp:term":[{"taxonomy":"category","embeddable":true,"href":"https:\/\/mezcalent.com\/news\/wp-json\/wp\/v2\/categories?post=21145"},{"taxonomy":"post_tag","embeddable":true,"href":"https:\/\/mezcalent.com\/news\/wp-json\/wp\/v2\/tags?post=21145"}],"curies":[{"name":"wp","href":"https:\/\/api.w.org\/{rel}","templated":true}]}}