{"id":2607,"date":"2022-01-31T08:46:00","date_gmt":"2022-01-31T14:46:00","guid":{"rendered":"https:\/\/mezcalent.com\/news\/?p=2607"},"modified":"2022-02-01T09:25:05","modified_gmt":"2022-02-01T15:25:05","slug":"video-gloria-trevi-quiere-contar-u-historia-para-ayudar","status":"publish","type":"post","link":"https:\/\/mezcalent.com\/news\/video-gloria-trevi-quiere-contar-u-historia-para-ayudar-2607.html","title":{"rendered":"VIDEO: Gloria Trevi quiere contar su historia para ayudar"},"content":{"rendered":"\n<p>31 ENE (MEX).- Gloria Trevi est\u00e1 motivada en contar su vida a trav\u00e9s de una serie, porque m\u00e1s all\u00e1 de querer dar explicaciones al p\u00fablico que ya conoce su historia, la regiomontana quiere ayudar a la gente mostrando la forma de salir adelante de cualquier situaci\u00f3n adversa.<\/p>\n\n\n\n<p>\u00abEn una serie s\u00ed puedo contar la historia de mi vida, y no necesito hacerlo para levantarme ni para explicar nada ni para que la gente vaya a verme. Ahora voy a contar mi historia, porque creo que puede ayudar a otras personas\u00bb.<\/p>\n\n\n\n<p>La int\u00e9rprete \u00abNo Quer\u00edas Lastimarme\u00bb quiere retratar lo que realmente sinti\u00f3 en cada episodio de su vida, sea bueno o malo, pues aunque otros ya lo han hecho, no saben realmente la percepci\u00f3n de la cantante.<\/p>\n\n\n\n<p>\u00abMi historia no empez\u00f3 con un esc\u00e1ndalo. O sea, soy una ni\u00f1a que ten\u00eda un sue\u00f1o, que luch\u00e9 por ese sue\u00f1o, que lo volv\u00ed una realidad en base a mucho trabajo; tambi\u00e9n c\u00f3mo ese sue\u00f1o se convirti\u00f3 en una pesadilla, c\u00f3mo sal\u00ed de esa pesadilla y c\u00f3mo estoy este d\u00eda aqu\u00ed con ustedes.<\/p>\n\n\n\n<p>\u00abYo no tengo ninguna intenci\u00f3n de lastimar ni de da\u00f1ar a nadie en el camino. Ultimadamente (sic), mucha gente ha contado mi vida y creo que tengo todo el derecho del mundo de contar yo mi vida, que nada m\u00e1s yo s\u00e9 lo que viv\u00ed, yo s\u00e9 lo que pens\u00e9, yo s\u00e9 lo que sent\u00ed\u00bb.<\/p>\n\n\n\n<p><\/p>\n\n\n\n<div id=\"Player_Playoncontent\"><iframe id=\"3536338_1643644573654\" title=\"VIDEO: Gloria Trevi quiere contar u historia para ayudar\" width=\"600\" height=\"338\" allow=\"autoplay; fullscreen\"><\/iframe><script type=\"text\/javascript\" src=\"\/\/widget.playoncenter.com\/newplayer\/ifriendly\/embed.min.js\"><\/script><script type=\"application\/javascript\">(function(){IFRIENDLY_DATA.init({\"idFrm\":\"3536338_1643644573654\",\"type\":\"video\",\"affId\":\"12956\",\"filter\":\"3536338\",\"width\":600,\"height\":338,\"twitter\":\"\",\"volume\":100,\"autoplay\":0,\"hasVideoRelated\":0,\"share_rrss\":1,\"max\":50,\"limit\":25,\"domain\":\"\/\/widget.playoncenter.com\/\"});})()<\/script><\/div>\n\n\n\n<p>La mexicana vivi\u00f3 momentos complicados durante la pandemia y tras salir de eso, surgi\u00f3 la idea de su gira \u00abIsla Divina\u00bb, que visitar\u00e1 varias ciudades del territorio mexicano.<\/p>\n\n\n\n<p>\u00abSe me rompieron las alas, los planes, los sue\u00f1os. En muchos momentos se me rompi\u00f3 el coraz\u00f3n tambi\u00e9n, he perdido seres queridos, pero otra vez, mi manera de ser es salir adelante y entonces encontr\u00e9 &#8216;Isla Divina&#8217; para ser felices por un momento\u00bb.<\/p>\n\n\n\n<p>Gloria recibi\u00f3 disco de platino y oro por las altas ventas de su \u00e1lbum \u00abDiosa de la Noche\u00bb.<\/p>\n\n\n\n<p>Erika Uribe y Lalo Carrasco\/MezcalTV<\/p>\n\n\n\n<p><em>Prohibida su reproducci\u00f3n parcial o total. La copia o distribuci\u00f3n no autorizada de este art\u00edculo y su correspondiente imagen infringe los derechos de autor<\/em>.<\/p>\n","protected":false},"excerpt":{"rendered":"<p>31 ENE (MEX).- Gloria Trevi est\u00e1 motivada en contar su vida a trav\u00e9s de una serie, porque m\u00e1s all\u00e1 de querer dar explicaciones al p\u00fablico que ya conoce su historia, la regiomontana quiere ayudar a la gente mostrando la forma de salir adelante de cualquier situaci\u00f3n adversa.<\/p>\n","protected":false},"author":4,"featured_media":2609,"comment_status":"closed","ping_status":"closed","sticky":false,"template":"","format":"standard","meta":{"_seopress_robots_primary_cat":"none"},"categories":[1],"tags":[662,103,663],"acf":[],"_links":{"self":[{"href":"https:\/\/mezcalent.com\/news\/wp-json\/wp\/v2\/posts\/2607"}],"collection":[{"href":"https:\/\/mezcalent.com\/news\/wp-json\/wp\/v2\/posts"}],"about":[{"href":"https:\/\/mezcalent.com\/news\/wp-json\/wp\/v2\/types\/post"}],"author":[{"embeddable":true,"href":"https:\/\/mezcalent.com\/news\/wp-json\/wp\/v2\/users\/4"}],"replies":[{"embeddable":true,"href":"https:\/\/mezcalent.com\/news\/wp-json\/wp\/v2\/comments?post=2607"}],"version-history":[{"count":3,"href":"https:\/\/mezcalent.com\/news\/wp-json\/wp\/v2\/posts\/2607\/revisions"}],"predecessor-version":[{"id":2616,"href":"https:\/\/mezcalent.com\/news\/wp-json\/wp\/v2\/posts\/2607\/revisions\/2616"}],"wp:featuredmedia":[{"embeddable":true,"href":"https:\/\/mezcalent.com\/news\/wp-json\/wp\/v2\/media\/2609"}],"wp:attachment":[{"href":"https:\/\/mezcalent.com\/news\/wp-json\/wp\/v2\/media?parent=2607"}],"wp:term":[{"taxonomy":"category","embeddable":true,"href":"https:\/\/mezcalent.com\/news\/wp-json\/wp\/v2\/categories?post=2607"},{"taxonomy":"post_tag","embeddable":true,"href":"https:\/\/mezcalent.com\/news\/wp-json\/wp\/v2\/tags?post=2607"}],"curies":[{"name":"wp","href":"https:\/\/api.w.org\/{rel}","templated":true}]}}