{"id":3094,"date":"2022-03-14T09:26:52","date_gmt":"2022-03-14T15:26:52","guid":{"rendered":"https:\/\/mezcalent.com\/news\/?p=3094"},"modified":"2022-03-14T09:26:53","modified_gmt":"2022-03-14T15:26:53","slug":"hija-de-cristian-de-la-fuente-agradece-apoyo-tras-asalto","status":"publish","type":"post","link":"https:\/\/mezcalent.com\/news\/hija-de-cristian-de-la-fuente-agradece-apoyo-tras-asalto-3094.html","title":{"rendered":"Hija de Cristi\u00e1n de la Fuente agradece apoyo tras asalto"},"content":{"rendered":"\n<p>14 MAR (MEX) .- Hace un par de d\u00edas, Cristi\u00e1n de la Fuente denunci\u00f3 en redes sociales que \u00e9l y su hija Laura hab\u00edan sido v\u00edctimas de asalto cuando llegaban a su natal Chile y revel\u00f3 que la joven fue herida de bala y ahora es ella misma quien revela c\u00f3mo se siente.<\/p>\n\n\n\n<p>A trav\u00e9s de su cuenta de Instagram, la chica agradeci\u00f3 los mensajes de apoyo, oraciones y muestras de cari\u00f1o que los seguidores de su famoso padre le hicieron llegar al saber la noticia, as\u00ed como el apoyo incondicional del actor y de su esposa y las maniobras de los doctores y enfermeras para poder salvarle la vida.&nbsp;<\/p>\n\n\n\n<p>\u00abMe gustar\u00eda agradecerles a mis pap\u00e1s por estar a mi lado en ese momento tan doloroso, a todo el personal m\u00e9dico que me atendi\u00f3 en la cl\u00ednica porque me ayudaron a salir de esto, a mis amigos y familiares, pero sobre todo a esa gente que, aunque no los conozco, estuvieron presentes a trav\u00e9s de esa energ\u00eda tan positiva\u00bb, escribi\u00f3 Laura.&nbsp;<\/p>\n\n\n\n<p>Asimismo, la joven expres\u00f3 su deseo de que la delincuencia, tanto en su pa\u00eds natal como en el resto del mundo, desaparezca pronto para que se pueda transitar por las calles sin miedo a que algo peligroso suceda en manos de los malhechores.&nbsp;<\/p>\n\n\n\n<p>Fiera Lasa\/Mezcalent.com&nbsp;<\/p>\n\n\n\n<p>&lt;i&gt;Prohibida su reproducci\u00f3n parcial o total. La copia o distribuci\u00f3n no autorizada de este art\u00edculo y su correspondiente imagen infringe los derechos de autor.&lt;\/i&gt;<\/p>\n","protected":false},"excerpt":{"rendered":"<p>14 MAR (MEX) .- Hace un par de d\u00edas, Cristi\u00e1n de la Fuente denunci\u00f3 en redes sociales que \u00e9l y su hija Laura hab\u00edan sido v\u00edctimas de asalto cuando llegaban a su natal Chile y revel\u00f3 que la joven fue herida de bala y ahora es ella misma quien revela c\u00f3mo se siente.<\/p>\n","protected":false},"author":3,"featured_media":3096,"comment_status":"closed","ping_status":"closed","sticky":false,"template":"","format":"standard","meta":{"_seopress_robots_primary_cat":"none"},"categories":[1],"tags":[761],"acf":[],"_links":{"self":[{"href":"https:\/\/mezcalent.com\/news\/wp-json\/wp\/v2\/posts\/3094"}],"collection":[{"href":"https:\/\/mezcalent.com\/news\/wp-json\/wp\/v2\/posts"}],"about":[{"href":"https:\/\/mezcalent.com\/news\/wp-json\/wp\/v2\/types\/post"}],"author":[{"embeddable":true,"href":"https:\/\/mezcalent.com\/news\/wp-json\/wp\/v2\/users\/3"}],"replies":[{"embeddable":true,"href":"https:\/\/mezcalent.com\/news\/wp-json\/wp\/v2\/comments?post=3094"}],"version-history":[{"count":1,"href":"https:\/\/mezcalent.com\/news\/wp-json\/wp\/v2\/posts\/3094\/revisions"}],"predecessor-version":[{"id":3097,"href":"https:\/\/mezcalent.com\/news\/wp-json\/wp\/v2\/posts\/3094\/revisions\/3097"}],"wp:featuredmedia":[{"embeddable":true,"href":"https:\/\/mezcalent.com\/news\/wp-json\/wp\/v2\/media\/3096"}],"wp:attachment":[{"href":"https:\/\/mezcalent.com\/news\/wp-json\/wp\/v2\/media?parent=3094"}],"wp:term":[{"taxonomy":"category","embeddable":true,"href":"https:\/\/mezcalent.com\/news\/wp-json\/wp\/v2\/categories?post=3094"},{"taxonomy":"post_tag","embeddable":true,"href":"https:\/\/mezcalent.com\/news\/wp-json\/wp\/v2\/tags?post=3094"}],"curies":[{"name":"wp","href":"https:\/\/api.w.org\/{rel}","templated":true}]}}