{"id":3162,"date":"2022-03-21T09:42:36","date_gmt":"2022-03-21T15:42:36","guid":{"rendered":"https:\/\/mezcalent.com\/news\/?p=3162"},"modified":"2022-03-21T09:42:38","modified_gmt":"2022-03-21T15:42:38","slug":"cristian-de-la-fuente-quiere-a-sus-asaltantes-en-la-carcel","status":"publish","type":"post","link":"https:\/\/mezcalent.com\/news\/cristian-de-la-fuente-quiere-a-sus-asaltantes-en-la-carcel-3162.html","title":{"rendered":"Cristi\u00e1n de la Fuente quiere a sus asaltantes en la c\u00e1rcel"},"content":{"rendered":"\n<p>21 MAR (MEX) .- Luego de que hace poco m\u00e1s de una semana \u00e9l y su hija fueran asaltados al llegar a su natal Chile, y ahora que la joven ya se recupera del impacto de bala que recibi\u00f3 en el acto vand\u00e1lico, Cristi\u00e1n de la Fuente lanza un contundente mensaje en el que pide que los delincuentes reciban el castigo que merecen.<\/p>\n\n\n\n<p>A trav\u00e9s de su cuenta de Instagram, el actor comparti\u00f3 una fotograf\u00eda en la que se le ve sonriente al lado de Laura y adem\u00e1s de hacerle saber que estar\u00e1 a su lado lo que le queda de rehabilitaci\u00f3n y para todo lo que necesite, conden\u00f3 la violencia que se vive actualmente en la tierra que lo vio nacer.<\/p>\n\n\n\n<p>\u00abCelebrando un d\u00eda m\u00e1s. Un paso m\u00e1s. As\u00ed se avanza y as\u00ed nos<strong> <\/strong>levantamos cuando tratan de botarnos. Ahora a seguir la recuperaci\u00f3n y que esto no vuelva a suceder en nuestro pa\u00eds.\u00a0Porque los ni\u00f1os no se tocan y no se les dispara. No vamos a parar hasta que estos asesinos est\u00e9n donde tienen que estar: en la c\u00e1rcel\u00bb, escribi\u00f3 Cristi\u00e1n.<\/p>\n\n\n\n<p>Asimismo, a finales de la semana pasada el histri\u00f3n asegur\u00f3 en un video publicado en YouTube que a ra\u00edz de lo que le sucedi\u00f3 a su hija, procurar\u00e1 que todos aquellos ni\u00f1os y j\u00f3venes chilenos  v\u00edctimas de violencia sean protegidos como se lo merecen y puedan llevar una vida tranquila. <\/p>\n\n\n\n<p>Fiera Lasa\/Mezcalent.com\u00a0<\/p>\n\n\n\n<p>&lt;i&gt;Prohibida su reproducci\u00f3n parcial o total. La copia o distribuci\u00f3n no autorizada de este art\u00edculo y su correspondiente imagen infringe los derechos de autor.&lt;\/i&gt;<\/p>\n","protected":false},"excerpt":{"rendered":"<p>21 MAR (MEX) .- Luego de que hace poco m\u00e1s de una semana \u00e9l y su hija fueran asaltados al llegar a su natal Chile, y ahora que la joven ya se recupera del impacto de bala que recibi\u00f3 en el acto vand\u00e1lico, Cristi\u00e1n de la Fuente lanza un contundente mensaje en el que pide que los delincuentes reciban el castigo que merecen.<\/p>\n","protected":false},"author":3,"featured_media":3164,"comment_status":"closed","ping_status":"closed","sticky":false,"template":"","format":"standard","meta":{"_seopress_robots_primary_cat":"none"},"categories":[1],"tags":[761],"acf":[],"_links":{"self":[{"href":"https:\/\/mezcalent.com\/news\/wp-json\/wp\/v2\/posts\/3162"}],"collection":[{"href":"https:\/\/mezcalent.com\/news\/wp-json\/wp\/v2\/posts"}],"about":[{"href":"https:\/\/mezcalent.com\/news\/wp-json\/wp\/v2\/types\/post"}],"author":[{"embeddable":true,"href":"https:\/\/mezcalent.com\/news\/wp-json\/wp\/v2\/users\/3"}],"replies":[{"embeddable":true,"href":"https:\/\/mezcalent.com\/news\/wp-json\/wp\/v2\/comments?post=3162"}],"version-history":[{"count":1,"href":"https:\/\/mezcalent.com\/news\/wp-json\/wp\/v2\/posts\/3162\/revisions"}],"predecessor-version":[{"id":3165,"href":"https:\/\/mezcalent.com\/news\/wp-json\/wp\/v2\/posts\/3162\/revisions\/3165"}],"wp:featuredmedia":[{"embeddable":true,"href":"https:\/\/mezcalent.com\/news\/wp-json\/wp\/v2\/media\/3164"}],"wp:attachment":[{"href":"https:\/\/mezcalent.com\/news\/wp-json\/wp\/v2\/media?parent=3162"}],"wp:term":[{"taxonomy":"category","embeddable":true,"href":"https:\/\/mezcalent.com\/news\/wp-json\/wp\/v2\/categories?post=3162"},{"taxonomy":"post_tag","embeddable":true,"href":"https:\/\/mezcalent.com\/news\/wp-json\/wp\/v2\/tags?post=3162"}],"curies":[{"name":"wp","href":"https:\/\/api.w.org\/{rel}","templated":true}]}}