{"id":3239,"date":"2022-03-28T09:16:32","date_gmt":"2022-03-28T15:16:32","guid":{"rendered":"https:\/\/mezcalent.com\/news\/?p=3239"},"modified":"2022-03-28T09:16:33","modified_gmt":"2022-03-28T15:16:33","slug":"cristian-de-la-fuente-confirma-que-asaltante-de-su-hija-fue-detenido","status":"publish","type":"post","link":"https:\/\/mezcalent.com\/news\/cristian-de-la-fuente-confirma-que-asaltante-de-su-hija-fue-detenido-3239.html","title":{"rendered":"Cristi\u00e1n de la Fuente confirma que asaltante de su hija fue detenido"},"content":{"rendered":"\n<p>28 MAR (MEX) .- Luego de que hace unos d\u00edas expresara en redes sociales su deseo de que las personas que atentaron contra su vida y la de su hija hace unos d\u00edas recibieran su castigo ante las autoridades chilenas, Cristian de la Fuente est\u00e1 muy contento, pues ese proceso ya comenz\u00f3.<\/p>\n\n\n\n<p>Tal y como lo hizo la primera vez, el actor recurri\u00f3 a su cuenta de Instagram y comparti\u00f3 un mensaje con el que dio a conocer que el delincuente que le dispar\u00f3 a la joven ya fue detenido por la polic\u00eda y en los pr\u00f3ximos d\u00edas ser\u00e1 juzgado en la corte.<\/p>\n\n\n\n<p>\u00abQueremos agradecer el gran trabajo de la Polic\u00eda de Investigaci\u00f3n a cargo de los Sub Prefectos Oscar Bacovich y Juan Riquelme y a todos los oficiales que ayudaron a que se diera esta captura. Tambi\u00e9n al Fiscal Jorge Reyes por todo su trabajo. Ahora a seguir confiando en la justicia y las autoridades\u00bb, escribi\u00f3 Cristi\u00e1n.<\/p>\n\n\n\n<p>Asimismo, el chileno revel\u00f3 que el malhechor ya hab\u00eda sido encarcelado anteriormente, pero fue puesto en libertad mucho antes de terminar de cumplir su condena y asegur\u00f3 que esta es la causa por la que la persona sigue cometiendo delitos.<\/p>\n\n\n\n<p>Fiera Lasa\/Mezcalent.com&nbsp;<\/p>\n\n\n\n<p>&lt;i&gt;Prohibida su reproducci\u00f3n parcial o total. La copia o distribuci\u00f3n no autorizada de este art\u00edculo y su correspondiente imagen infringe los derechos de autor.&lt;\/i&gt;<\/p>\n","protected":false},"excerpt":{"rendered":"<p>28 MAR (MEX) .- Luego de que hace unos d\u00edas expresara en redes sociales su deseo de que las personas que atentaron contra su vida y la de su hija hace unos d\u00edas recibieran su castigo ante las autoridades chilenas, Cristian de la Fuente est\u00e1 muy contento, pues ese proceso ya comenz\u00f3.<\/p>\n","protected":false},"author":3,"featured_media":3241,"comment_status":"closed","ping_status":"closed","sticky":false,"template":"","format":"standard","meta":{"_seopress_robots_primary_cat":"none"},"categories":[1],"tags":[761],"acf":[],"_links":{"self":[{"href":"https:\/\/mezcalent.com\/news\/wp-json\/wp\/v2\/posts\/3239"}],"collection":[{"href":"https:\/\/mezcalent.com\/news\/wp-json\/wp\/v2\/posts"}],"about":[{"href":"https:\/\/mezcalent.com\/news\/wp-json\/wp\/v2\/types\/post"}],"author":[{"embeddable":true,"href":"https:\/\/mezcalent.com\/news\/wp-json\/wp\/v2\/users\/3"}],"replies":[{"embeddable":true,"href":"https:\/\/mezcalent.com\/news\/wp-json\/wp\/v2\/comments?post=3239"}],"version-history":[{"count":1,"href":"https:\/\/mezcalent.com\/news\/wp-json\/wp\/v2\/posts\/3239\/revisions"}],"predecessor-version":[{"id":3242,"href":"https:\/\/mezcalent.com\/news\/wp-json\/wp\/v2\/posts\/3239\/revisions\/3242"}],"wp:featuredmedia":[{"embeddable":true,"href":"https:\/\/mezcalent.com\/news\/wp-json\/wp\/v2\/media\/3241"}],"wp:attachment":[{"href":"https:\/\/mezcalent.com\/news\/wp-json\/wp\/v2\/media?parent=3239"}],"wp:term":[{"taxonomy":"category","embeddable":true,"href":"https:\/\/mezcalent.com\/news\/wp-json\/wp\/v2\/categories?post=3239"},{"taxonomy":"post_tag","embeddable":true,"href":"https:\/\/mezcalent.com\/news\/wp-json\/wp\/v2\/tags?post=3239"}],"curies":[{"name":"wp","href":"https:\/\/api.w.org\/{rel}","templated":true}]}}