{"id":4250,"date":"2022-06-22T07:52:32","date_gmt":"2022-06-22T12:52:32","guid":{"rendered":"https:\/\/mezcalent.com\/news\/?p=4250"},"modified":"2022-06-23T10:05:55","modified_gmt":"2022-06-23T15:05:55","slug":"video-carla-estrada-si-hablara-de-la-hija-de-gloria-trevi-en-bioserie","status":"publish","type":"post","link":"https:\/\/mezcalent.com\/news\/video-carla-estrada-si-hablara-de-la-hija-de-gloria-trevi-en-bioserie-4250.html","title":{"rendered":"VIDEO: Carla Estrada s\u00ed hablara de la hija de Gloria Trevi en bioserie"},"content":{"rendered":"\n<p>22 JUN (MEX).- Carla Estrada sigue trabajando en la serie que contar\u00e1 la vida de Gloria Trevi, quien sigue muy de cerca los detalles de su historia en la que s\u00ed se abordar\u00e1 el tema de Ana Dalay, donde la cantante por primera vez abrir\u00e1 su coraz\u00f3n para contar la verdad sobre su primog\u00e9nita fallecida cuando era una beb\u00e9, producto de su relaci\u00f3n con Sergio Andrade.<\/p>\n\n\n\n<p>\u00abEs uno de los puntos m\u00e1s dolorosos de la vida de Gloria, lo tenemos que tocar.<\/p>\n\n\n\n<p>\u00abElla realmente nunca ha hablado, ha hablado poquitas cosas as\u00ed, pero realmente su historia no la ha contado, es la primera vez que cuenta su historia; entonces, eso nos est\u00e1 costando de repente.<\/p>\n\n\n\n<p>\u00abVamos para atr\u00e1s y vamos para adelante con los libretos, pero nos ha apoyado y ha estado muy presente\u00bb.<\/p>\n\n\n\n<p><\/p>\n\n\n\n<div id=\"Player_Playoncontent\"><iframe id=\"3557238_1655902316528\" title=\"VIDEO: Carla Estrada s\u00ed hablara de la hija de Gloria Trevi en bioserie\" allow=\"autoplay; fullscreen\" width=\"600\" height=\"338\"><\/iframe><script type=\"text\/javascript\" src=\"\/\/widget.playoncenter.com\/newplayer\/ifriendly\/embed.min.js\"><\/script><script type=\"application\/javascript\">(function(){IFRIENDLY_DATA.init({\"idFrm\":\"3557238_1655902316528\",\"type\":\"video\",\"affId\":\"12955\",\"filter\":\"3557238\",\"width\":600,\"height\":338,\"twitter\":\"\",\"volume\":100,\"autoplay\":0,\"hasVideoRelated\":0,\"share_rrss\":1,\"max\":50,\"limit\":25,\"domain\":\"\/\/widget.playoncenter.com\/\",\"viewFriendly\":1});})()<\/script><\/div>\n\n\n\n<p>Carla ha entrevistado a varias de las mujeres que fueron v\u00edctimas de Andrade y que estuvieron con Gloria.<\/p>\n\n\n\n<p>\u00abEstuve con unas chicas en Chile, de las mismas ni\u00f1as que estuvieron con Gloria (Trevi), con Liliana (Regueiro) y de verdad siento que han dado cincuenta pasos adelante despu\u00e9s de la primera entrevista que tuvimos juntas.<\/p>\n\n\n\n<p>\u00abEstas ni\u00f1as est\u00e1n m\u00e1s fuertes. Han platicado, han hablado, porque una de ellas tampoco lo hab\u00eda hablado, entonces al hablarlo como que se sanan un poquito y yo las vi muy bien, la verdad.<\/p>\n\n\n\n<p>\u00abEstuvimos en lugares muy emblem\u00e1ticos donde ellas vivieron, que para m\u00ed fue duro y para ellas tambi\u00e9n, pero como muy sanador tambi\u00e9n es acercarnos lo m\u00e1s que se pueda a esa historia para poderles ofrecer a ustedes el mejor trabajo que podamos\u00bb.<\/p>\n\n\n\n<p>La productora de telenovelas explica que la bioserie ser\u00e1 totalmente verdadera, aunque s\u00ed se dar\u00e1n algunos toques melodram\u00e1ticos.<\/p>\n\n\n\n<p>\u00abAl cien por ciento real, \u00a1s\u00ed! El cien por ciento de la historia \u00a1no!, porque son 50 cap\u00edtulos. Hay eventos que est\u00e1n melodramatizados, porque son muy fuertes y no los podemos poner o se necesita un poquito de melodrama y unirlo a la vida real, no es un documental\u00bb.<\/p>\n\n\n\n<p><\/p>\n\n\n\n<p>Erika Uribe y Lalo Carrasco\/MezcalTV<\/p>\n\n\n\n<p><em>Prohibida su reproducci\u00f3n parcial o total. La copia o distribuci\u00f3n no autorizada de este art\u00edculo y su correspondiente imagen infringe los derechos de autor<\/em>.<\/p>\n","protected":false},"excerpt":{"rendered":"<p>22 JUN (MEX).- Carla Estrada sigue trabajando en la serie que contar\u00e1 la vida de Gloria Trevi, quien sigue muy de cerca los detalles de su historia en la que s\u00ed se abordar\u00e1 el tema de Ana Dalay, donde la cantante por primera vez abrir\u00e1 su coraz\u00f3n para contar la verdad sobre su primog\u00e9nita fallecida cuando era una beb\u00e9, producto de su relaci\u00f3n con Sergio Andrade.<\/p>\n","protected":false},"author":4,"featured_media":4252,"comment_status":"closed","ping_status":"closed","sticky":false,"template":"","format":"standard","meta":{"_seopress_robots_primary_cat":"none"},"categories":[1],"tags":[961,959,960,103,962],"acf":[],"_links":{"self":[{"href":"https:\/\/mezcalent.com\/news\/wp-json\/wp\/v2\/posts\/4250"}],"collection":[{"href":"https:\/\/mezcalent.com\/news\/wp-json\/wp\/v2\/posts"}],"about":[{"href":"https:\/\/mezcalent.com\/news\/wp-json\/wp\/v2\/types\/post"}],"author":[{"embeddable":true,"href":"https:\/\/mezcalent.com\/news\/wp-json\/wp\/v2\/users\/4"}],"replies":[{"embeddable":true,"href":"https:\/\/mezcalent.com\/news\/wp-json\/wp\/v2\/comments?post=4250"}],"version-history":[{"count":2,"href":"https:\/\/mezcalent.com\/news\/wp-json\/wp\/v2\/posts\/4250\/revisions"}],"predecessor-version":[{"id":4278,"href":"https:\/\/mezcalent.com\/news\/wp-json\/wp\/v2\/posts\/4250\/revisions\/4278"}],"wp:featuredmedia":[{"embeddable":true,"href":"https:\/\/mezcalent.com\/news\/wp-json\/wp\/v2\/media\/4252"}],"wp:attachment":[{"href":"https:\/\/mezcalent.com\/news\/wp-json\/wp\/v2\/media?parent=4250"}],"wp:term":[{"taxonomy":"category","embeddable":true,"href":"https:\/\/mezcalent.com\/news\/wp-json\/wp\/v2\/categories?post=4250"},{"taxonomy":"post_tag","embeddable":true,"href":"https:\/\/mezcalent.com\/news\/wp-json\/wp\/v2\/tags?post=4250"}],"curies":[{"name":"wp","href":"https:\/\/api.w.org\/{rel}","templated":true}]}}