{"id":5543,"date":"2022-10-11T09:08:13","date_gmt":"2022-10-11T14:08:13","guid":{"rendered":"https:\/\/mezcalent.com\/news\/?p=5543"},"modified":"2022-10-11T09:08:15","modified_gmt":"2022-10-11T14:08:15","slug":"eduardo-capetillo-jr-mis-papas-no-son-metiches","status":"publish","type":"post","link":"https:\/\/mezcalent.com\/news\/eduardo-capetillo-jr-mis-papas-no-son-metiches-5543.html","title":{"rendered":"Eduardo Capetillo Jr.: Mis pap\u00e1s no son metiches"},"content":{"rendered":"\n<p>11 OCT (MEX) .- Eduardo Capetillo Jr. sabe perfectamente que tener a Eduardo Capetillo y Bibi Gayt\u00e1n como padres es una gran responsabilidad; sin embargo, asegura que, en comparaci\u00f3n con otros hijos de famosos, a \u00e9l nunca lo han sobreprotegido.<\/p>\n\n\n\n<p>En entrevista para la revista Tv y Novelas, el joven actor asegur\u00f3 que sus pap\u00e1s lo han dejado experimentar por su cuenta y descubrir por s\u00ed solo qu\u00e9 es lo que quiere hacer de su vida, pero que cada vez que los necesita, ellos est\u00e1n ah\u00ed para \u00e9l.<\/p>\n\n\n\n<p>\u00abEn realidad sus consejos siempre han sido \u00abprep\u00e1rate, s\u00e9 constante y s\u00e9 responsable\u00bb. Gracias a Dios siempre me han dejado volar y tomar mis propias decisiones. Nunca se han metido, no son metiches, no son los pap\u00e1s chismosos que est\u00e1n al pendiente de todo lo que me pasa, pero cuando les pido un consejo siempre est\u00e1n\u00bb, dijo Eduardo.<\/p>\n\n\n\n<p>Para finalizar, el chico revel\u00f3 que, a la par de su participaci\u00f3n en la serie \u00abDonde Hubo Fuego\u00bb, est\u00e1 preparando un disco de m\u00fasica regional mexicana y que las canciones las est\u00e1 componiendo al lado de Horacio Palencia.&nbsp;<\/p>\n\n\n\n<p>Fiera Lasa\/Mezcalent.com&nbsp;<\/p>\n\n\n\n<p>&lt;i&gt;Prohibida su reproducci\u00f3n parcial o total. La copia o distribuci\u00f3n no autorizada de este art\u00edculo y su correspondiente imagen infringe los derechos de autor.&lt;\/i&gt;<\/p>\n","protected":false},"excerpt":{"rendered":"<p>11 OCT (MEX) .- Eduardo Capetillo Jr. sabe perfectamente que tener a Eduardo Capetillo y Bibi Gayt\u00e1n como padres es una gran responsabilidad; sin embargo, asegura que, en comparaci\u00f3n con otros hijos de famosos, a \u00e9l nunca lo han sobreprotegido.<\/p>\n","protected":false},"author":3,"featured_media":5545,"comment_status":"closed","ping_status":"closed","sticky":false,"template":"","format":"standard","meta":{"_seopress_robots_primary_cat":"none"},"categories":[1],"tags":[1142],"acf":[],"_links":{"self":[{"href":"https:\/\/mezcalent.com\/news\/wp-json\/wp\/v2\/posts\/5543"}],"collection":[{"href":"https:\/\/mezcalent.com\/news\/wp-json\/wp\/v2\/posts"}],"about":[{"href":"https:\/\/mezcalent.com\/news\/wp-json\/wp\/v2\/types\/post"}],"author":[{"embeddable":true,"href":"https:\/\/mezcalent.com\/news\/wp-json\/wp\/v2\/users\/3"}],"replies":[{"embeddable":true,"href":"https:\/\/mezcalent.com\/news\/wp-json\/wp\/v2\/comments?post=5543"}],"version-history":[{"count":1,"href":"https:\/\/mezcalent.com\/news\/wp-json\/wp\/v2\/posts\/5543\/revisions"}],"predecessor-version":[{"id":5546,"href":"https:\/\/mezcalent.com\/news\/wp-json\/wp\/v2\/posts\/5543\/revisions\/5546"}],"wp:featuredmedia":[{"embeddable":true,"href":"https:\/\/mezcalent.com\/news\/wp-json\/wp\/v2\/media\/5545"}],"wp:attachment":[{"href":"https:\/\/mezcalent.com\/news\/wp-json\/wp\/v2\/media?parent=5543"}],"wp:term":[{"taxonomy":"category","embeddable":true,"href":"https:\/\/mezcalent.com\/news\/wp-json\/wp\/v2\/categories?post=5543"},{"taxonomy":"post_tag","embeddable":true,"href":"https:\/\/mezcalent.com\/news\/wp-json\/wp\/v2\/tags?post=5543"}],"curies":[{"name":"wp","href":"https:\/\/api.w.org\/{rel}","templated":true}]}}