{"id":6006,"date":"2022-11-16T21:28:42","date_gmt":"2022-11-17T03:28:42","guid":{"rendered":"https:\/\/mezcalent.com\/news\/?p=6006"},"modified":"2022-11-16T21:29:08","modified_gmt":"2022-11-17T03:29:08","slug":"el-buki-no-se-anima-a-retirarse","status":"publish","type":"post","link":"https:\/\/mezcalent.com\/news\/el-buki-no-se-anima-a-retirarse-6006.html","title":{"rendered":"&#8216;El Buki&#8217; no se anima al retiro"},"content":{"rendered":"\n<p>16 NOV (MEX) .- Con m\u00e1s de cuatro d\u00e9cadas de trayectoria art\u00edstica, Marco Antonio Sol\u00eds confiesa que en varias ocasiones ha pensado en decirle adi\u00f3s a los escenarios; sin embargo, no ha sido capaz de tomar esa decisi\u00f3n por el gran amor que le tiene a su carrera y a su p\u00fablico.<\/p>\n\n\n\n<p>Durante la alfombra roja de la cena organizada por su nombramiento como Persona del A\u00f1o en los Latin Grammy, el cantante asegur\u00f3 que son m\u00e1s sus ganas de seguir conquistando a la gente con sus letras que querer decirle adi\u00f3s a lo que por tanto tiempo lo ha llenado de satisfacciones.<\/p>\n\n\n\n<p>\u00abPienso en el retiro, pero al otro d\u00eda me levanto con mucho \u00e1nimo y me pongo a escribir y a componer. Todo lo que escribo lo hago por inspiraci\u00f3n. No soy constructor de canciones, soy un compositor que se deja llevar por que le viene al coraz\u00f3n y a la mente en cualquier momento. Ello requiere mucha honestidad y la honestidad se conecta con las almas y los corazones\u00bb, dijo \u00abEl Buki\u00bb.<\/p>\n\n\n\n<p>Adem\u00e1s del reconocimiento especial que recibi\u00f3, el int\u00e9rprete de \u00abSi No Te Hubieras Ido\u00bb y \u00abSigue Sin M\u00ed\u00bb est\u00e1 nominado en la categor\u00eda Mejor \u00c1lbum de M\u00fasica Regional Mexicana\u00a0por su disco \u201cQu\u00e9 Ganas De Verte\u00bb, premio que espera poder obtener en la gala que se celebrar\u00e1 ma\u00f1ana en la Michelob Ultra Arena de Las Vegas.<\/p>\n\n\n\n<p>Fiera Lasa\/Mezcalent.com\u00a0<\/p>\n\n\n\n<p>&lt;i&gt;Prohibida su reproducci\u00f3n parcial o total. La copia o distribuci\u00f3n no autorizada de este art\u00edculo y su correspondiente imagen infringe los derechos de autor.&lt;\/i&gt;<\/p>\n","protected":false},"excerpt":{"rendered":"<p>16 NOV (MEX) .- Con m\u00e1s de cuatro d\u00e9cadas de trayectoria art\u00edstica, Marco Antonio Sol\u00eds confiesa que en varias ocasiones ha pensado en decirle adi\u00f3s a los escenarios; sin embargo, no ha sido capaz de tomar esa decisi\u00f3n por el gran amor que le tiene a su carrera y a su p\u00fablico.<\/p>\n","protected":false},"author":3,"featured_media":6008,"comment_status":"closed","ping_status":"closed","sticky":false,"template":"","format":"standard","meta":{"_seopress_robots_primary_cat":"none"},"categories":[1],"tags":[1201,1200],"acf":[],"_links":{"self":[{"href":"https:\/\/mezcalent.com\/news\/wp-json\/wp\/v2\/posts\/6006"}],"collection":[{"href":"https:\/\/mezcalent.com\/news\/wp-json\/wp\/v2\/posts"}],"about":[{"href":"https:\/\/mezcalent.com\/news\/wp-json\/wp\/v2\/types\/post"}],"author":[{"embeddable":true,"href":"https:\/\/mezcalent.com\/news\/wp-json\/wp\/v2\/users\/3"}],"replies":[{"embeddable":true,"href":"https:\/\/mezcalent.com\/news\/wp-json\/wp\/v2\/comments?post=6006"}],"version-history":[{"count":2,"href":"https:\/\/mezcalent.com\/news\/wp-json\/wp\/v2\/posts\/6006\/revisions"}],"predecessor-version":[{"id":6010,"href":"https:\/\/mezcalent.com\/news\/wp-json\/wp\/v2\/posts\/6006\/revisions\/6010"}],"wp:featuredmedia":[{"embeddable":true,"href":"https:\/\/mezcalent.com\/news\/wp-json\/wp\/v2\/media\/6008"}],"wp:attachment":[{"href":"https:\/\/mezcalent.com\/news\/wp-json\/wp\/v2\/media?parent=6006"}],"wp:term":[{"taxonomy":"category","embeddable":true,"href":"https:\/\/mezcalent.com\/news\/wp-json\/wp\/v2\/categories?post=6006"},{"taxonomy":"post_tag","embeddable":true,"href":"https:\/\/mezcalent.com\/news\/wp-json\/wp\/v2\/tags?post=6006"}],"curies":[{"name":"wp","href":"https:\/\/api.w.org\/{rel}","templated":true}]}}