{"id":6513,"date":"2022-12-29T09:13:44","date_gmt":"2022-12-29T15:13:44","guid":{"rendered":"https:\/\/mezcalent.com\/news\/?p=6513"},"modified":"2022-12-29T09:36:35","modified_gmt":"2022-12-29T15:36:35","slug":"amanda-miguel-invita-a-mini-fan-a-cantar-sus-castillos-con-ella","status":"publish","type":"post","link":"https:\/\/mezcalent.com\/news\/amanda-miguel-invita-a-mini-fan-a-cantar-sus-castillos-con-ella-6513.html","title":{"rendered":"Amanda Miguel invita a mini fan a cantar sus Castillos con ella"},"content":{"rendered":"\n<p>29 DIC (MEX) .- Amanda Miguel est\u00e1 consciente de que tiene miles de fan\u00e1ticos alrededor del mundo; sin embargo, qued\u00f3 tan cautivada con un peque\u00f1o que interpreta uno de sus m\u00e1s grandes \u00e9xitos con mucho sentimiento que ya quiere conocerlo.<\/p>\n\n\n\n<p>A trav\u00e9s de su cuenta de Instagram, la cantante comparti\u00f3 el video del ni\u00f1o llamado Chucho, quien apareci\u00f3 en su triciclo cantando \u00abCastillos\u00bb y la emoci\u00f3n de la argentina fue tanta que no dud\u00f3 ni un momento en invitarlo al show que ofrecer\u00e1 a principios de a\u00f1o en la capital mexicana.<\/p>\n\n\n\n<p>\u00abChucho me emocionaste much\u00edsimo, \u00a1tu video est\u00e1 divino! Quiero invitarte a mi concierto en el Auditorio Nacional para verte cantar \u00abCastillos\u00bb con tanto sentimiento sobre el escenario conmigo. \u00a1Nos vemos el 16 de marzo!\u00bb, escribi\u00f3 Amanda.<\/p>\n\n\n\n<p>Como era de esperarse, el gesto de la viuda de Diego Verdaguer fue aplaudido por decenas de sus fans, quienes le dejaron mensajes como \u00abAs\u00ed deber\u00edan de ser otros artistas\u00bb, \u00abAmanda eres grande, Dios te bendiga por tu enorme coraz\u00f3n\u00bb, \u00abEres una maravilla de mujer\u00bb y \u00abQu\u00e9 gran coraz\u00f3n Amanda, todo un gran \u00e9xito invitar a ese angelito\u00bb.<\/p>\n\n\n\n<p>Fiera Lasa\/Mezcalent.com\u00a0<\/p>\n\n\n\n<p>&lt;i&gt;Prohibida su reproducci\u00f3n parcial o total. La copia o distribuci\u00f3n no autorizada de este art\u00edculo y su correspondiente imagen infringe los derechos de autor.&lt;\/i&gt;<\/p>\n","protected":false},"excerpt":{"rendered":"<p>29 DIC (MEX) .- Amanda Miguel est\u00e1 consciente de que tiene miles de fan\u00e1ticos alrededor del mundo; sin embargo, qued\u00f3 tan cautivada con un peque\u00f1o que interpreta uno de sus m\u00e1s grandes \u00e9xitos con mucho sentimiento que ya quiere conocerlo.<\/p>\n","protected":false},"author":3,"featured_media":6515,"comment_status":"closed","ping_status":"closed","sticky":false,"template":"","format":"standard","meta":{"_seopress_robots_primary_cat":"none"},"categories":[1],"tags":[805],"acf":[],"_links":{"self":[{"href":"https:\/\/mezcalent.com\/news\/wp-json\/wp\/v2\/posts\/6513"}],"collection":[{"href":"https:\/\/mezcalent.com\/news\/wp-json\/wp\/v2\/posts"}],"about":[{"href":"https:\/\/mezcalent.com\/news\/wp-json\/wp\/v2\/types\/post"}],"author":[{"embeddable":true,"href":"https:\/\/mezcalent.com\/news\/wp-json\/wp\/v2\/users\/3"}],"replies":[{"embeddable":true,"href":"https:\/\/mezcalent.com\/news\/wp-json\/wp\/v2\/comments?post=6513"}],"version-history":[{"count":2,"href":"https:\/\/mezcalent.com\/news\/wp-json\/wp\/v2\/posts\/6513\/revisions"}],"predecessor-version":[{"id":6530,"href":"https:\/\/mezcalent.com\/news\/wp-json\/wp\/v2\/posts\/6513\/revisions\/6530"}],"wp:featuredmedia":[{"embeddable":true,"href":"https:\/\/mezcalent.com\/news\/wp-json\/wp\/v2\/media\/6515"}],"wp:attachment":[{"href":"https:\/\/mezcalent.com\/news\/wp-json\/wp\/v2\/media?parent=6513"}],"wp:term":[{"taxonomy":"category","embeddable":true,"href":"https:\/\/mezcalent.com\/news\/wp-json\/wp\/v2\/categories?post=6513"},{"taxonomy":"post_tag","embeddable":true,"href":"https:\/\/mezcalent.com\/news\/wp-json\/wp\/v2\/tags?post=6513"}],"curies":[{"name":"wp","href":"https:\/\/api.w.org\/{rel}","templated":true}]}}