{"id":6874,"date":"2023-02-01T09:09:57","date_gmt":"2023-02-01T15:09:57","guid":{"rendered":"https:\/\/mezcalent.com\/news\/?p=6874"},"modified":"2023-02-01T09:09:58","modified_gmt":"2023-02-01T15:09:58","slug":"marco-antonio-solis-estaba-mas-nervioso-que-marc-en-la-boda","status":"publish","type":"post","link":"https:\/\/mezcalent.com\/news\/marco-antonio-solis-estaba-mas-nervioso-que-marc-en-la-boda-6874.html","title":{"rendered":"Marco Antonio Sol\u00eds: Estaba m\u00e1s nervioso que Marc en la boda"},"content":{"rendered":"\n<p>01 FEB (MEX) .- El fin de semana pasado se celebr\u00f3 la boda de Marc Anthony y Nadia Ferreira y, al haber sido elegido por el salsero como uno de sus padrinos de honor, Marco Antonio Sol\u00eds revela c\u00f3mo la pas\u00f3 durante la celebraci\u00f3n.<\/p>\n\n\n\n<p>En el marco de la presentaci\u00f3n de su gira \u00abEl Buki World Tour 2023\u00bb, el cantante revel\u00f3 que, aunque ha asistido a todo tipo de eventos de gala a lo largo de su vida, esta vez los nervios se apoderaron de \u00e9l, pues el int\u00e9rprete de \u00abVivir Mi Vida\u00bb es su gran amigo.<\/p>\n\n\n\n<p>\u00ab\u00a1Estuvo muy buena la pachanga! Parece mentira, pero&nbsp;a las otras personalidades que estaban ah\u00ed les dec\u00eda:&nbsp;\u00abOye, parece que el que se va a casar soy yo, ya estoy peor que antes de cantar en un concierto\u00bb. Pero fue algo s\u00faper bonito\u00bb, confes\u00f3 \u00abEl Buki\u00bb.<\/p>\n\n\n\n<p>Para finalizar, el int\u00e9rprete de \u00abM\u00e1s Que Tu Amigo\u00bb habl\u00f3 sobre la importancia de haber ido a la boda de Marc acompa\u00f1ado de su esposa Cristy Sol\u00eds y sus hijas Alison y Marla, pues asegura que ellas son las que lo hacen poner los pies en la tierra.&nbsp;<\/p>\n\n\n\n<p>Fiera Lasa\/Mezcalent.com&nbsp;<\/p>\n\n\n\n<p>&lt;i&gt;Prohibida su reproducci\u00f3n parcial o total. La copia o distribuci\u00f3n no autorizada de este art\u00edculo y su correspondiente imagen infringe los derechos de autor.&lt;\/i&gt;<\/p>\n","protected":false},"excerpt":{"rendered":"<p>01 FEB (MEX) .- El fin de semana pasado se celebr\u00f3 la boda de Marc Anthony y Nadia Ferreira y, al haber sido elegido por el salsero como uno de sus padrinos de honor, Marco Antonio Sol\u00eds revela c\u00f3mo la pas\u00f3 durante la celebraci\u00f3n.<\/p>\n","protected":false},"author":3,"featured_media":6876,"comment_status":"closed","ping_status":"closed","sticky":false,"template":"","format":"standard","meta":{"_seopress_robots_primary_cat":"none"},"categories":[1],"tags":[949,1200],"acf":[],"_links":{"self":[{"href":"https:\/\/mezcalent.com\/news\/wp-json\/wp\/v2\/posts\/6874"}],"collection":[{"href":"https:\/\/mezcalent.com\/news\/wp-json\/wp\/v2\/posts"}],"about":[{"href":"https:\/\/mezcalent.com\/news\/wp-json\/wp\/v2\/types\/post"}],"author":[{"embeddable":true,"href":"https:\/\/mezcalent.com\/news\/wp-json\/wp\/v2\/users\/3"}],"replies":[{"embeddable":true,"href":"https:\/\/mezcalent.com\/news\/wp-json\/wp\/v2\/comments?post=6874"}],"version-history":[{"count":1,"href":"https:\/\/mezcalent.com\/news\/wp-json\/wp\/v2\/posts\/6874\/revisions"}],"predecessor-version":[{"id":6877,"href":"https:\/\/mezcalent.com\/news\/wp-json\/wp\/v2\/posts\/6874\/revisions\/6877"}],"wp:featuredmedia":[{"embeddable":true,"href":"https:\/\/mezcalent.com\/news\/wp-json\/wp\/v2\/media\/6876"}],"wp:attachment":[{"href":"https:\/\/mezcalent.com\/news\/wp-json\/wp\/v2\/media?parent=6874"}],"wp:term":[{"taxonomy":"category","embeddable":true,"href":"https:\/\/mezcalent.com\/news\/wp-json\/wp\/v2\/categories?post=6874"},{"taxonomy":"post_tag","embeddable":true,"href":"https:\/\/mezcalent.com\/news\/wp-json\/wp\/v2\/tags?post=6874"}],"curies":[{"name":"wp","href":"https:\/\/api.w.org\/{rel}","templated":true}]}}