{"id":7706,"date":"2023-04-10T12:22:25","date_gmt":"2023-04-10T18:22:25","guid":{"rendered":"https:\/\/mezcalent.com\/news\/?p=7706"},"modified":"2023-04-10T12:22:27","modified_gmt":"2023-04-10T18:22:27","slug":"famosos-mandan-sus-condolencias-a-maribel-guardia-tras-muerte-de-su-hijo","status":"publish","type":"post","link":"https:\/\/mezcalent.com\/news\/famosos-mandan-sus-condolencias-a-maribel-guardia-tras-muerte-de-su-hijo-7706.html","title":{"rendered":"Famosos mandan sus condolencias a Maribel Guardia tras muerte de su hijo"},"content":{"rendered":"\n<p>10 ABR (MEX) .- Luego de que Maribel Guardia hiciera p\u00fablica la causa del fallecimiento de su hijo Juli\u00e1n, varios famosos utilizaron sus redes sociales para hacerle llegar a la actriz palabras de consuelo tras su terrible p\u00e9rdida.<\/p>\n\n\n\n<p>Erika Buenfil, Alejandro Fern\u00e1ndez, Tatiana y Lupillo Rivera, entre muchos otros, compartieron en Instagram y Twitter fotograf\u00edas en las que aparecen al lado del chico de 27 a\u00f1os y aseguraron que se encuentran incr\u00e9dulos de que haya perdido la vida<\/p>\n\n\n\n<p>\u00abCon todo el dolor como madre lamentablemente leo una noticia muy muy triste. Mis m\u00e1s sentidas condolencias a Maribel y un abrazo muy muy fuerte. Descanse en paz Julian Figueroa\u00bb, escribi\u00f3 la actriz. Por su parte, \u00abEl Potrillo\u00bb se\u00f1al\u00f3 \u00abUn abrazo muy grande Maribel querida, no puedo imaginar por lo que est\u00e1s pasando, te quiero mucho y estamos contigo\u00bb.<\/p>\n\n\n\n<p>La llamada \u00abReina De Los Ni\u00f1os\u00bb destac\u00f3 \u00abNo lo puedo creer, descanse en paz Juli\u00e1n Figueroa, mi m\u00e1s sincero p\u00e9same a\u00a0Maribel, a su esposa y a su beb\u00e9 tan bello. Les mando un abrazo fuerte y que Dios les d\u00e9 serenidad en sus corazones. Cu\u00e1nta tristeza amiga, que en paz descanse tu hermoso hijo\u00bb y finalmente el hermano de Jenni Rivera puso \u00abUna triste noticia para todo el medio art\u00edstico por el fallecimiento de Juli\u00e1n Figueroa, hijo de Maribel Guardia y Joan Sebastian. Descanse en paz\u00bb.<\/p>\n\n\n\n<p>Otros famosos que le enviaron el p\u00e9same a Maribel y a la esposa de Juli\u00e1n fueron Geraldine Baz\u00e1n, Juli\u00e1n Gil, Adamari L\u00f3pez, Jos\u00e9 Ron, Ninel Conde, Ferdinando Valencia, Sherlyn, Gabriel Soto, Ariadne D\u00edaz, Guillermo del Bosque y Marjorie de Sousa. <\/p>\n\n\n\n<p>Fiera Lasa\/Mezcalent.com&nbsp;<\/p>\n\n\n\n<p>&lt;i&gt;Prohibida su reproducci\u00f3n parcial o total. La copia o distribuci\u00f3n no autorizada de este art\u00edculo y su correspondiente imagen infringe los derechos de autor.&lt;\/i&gt;<\/p>\n","protected":false},"excerpt":{"rendered":"<p>10 ABR (MEX) .- Luego de que Maribel Guardia hiciera p\u00fablica la causa del fallecimiento de su hijo Juli\u00e1n, varios famosos utilizaron sus redes sociales para hacerle llegar a la actriz palabras de consuelo tras su terrible p\u00e9rdida.<\/p>\n","protected":false},"author":3,"featured_media":7708,"comment_status":"closed","ping_status":"closed","sticky":false,"template":"","format":"standard","meta":{"_seopress_robots_primary_cat":"none"},"categories":[1],"tags":[1000,129,1282],"acf":[],"_links":{"self":[{"href":"https:\/\/mezcalent.com\/news\/wp-json\/wp\/v2\/posts\/7706"}],"collection":[{"href":"https:\/\/mezcalent.com\/news\/wp-json\/wp\/v2\/posts"}],"about":[{"href":"https:\/\/mezcalent.com\/news\/wp-json\/wp\/v2\/types\/post"}],"author":[{"embeddable":true,"href":"https:\/\/mezcalent.com\/news\/wp-json\/wp\/v2\/users\/3"}],"replies":[{"embeddable":true,"href":"https:\/\/mezcalent.com\/news\/wp-json\/wp\/v2\/comments?post=7706"}],"version-history":[{"count":1,"href":"https:\/\/mezcalent.com\/news\/wp-json\/wp\/v2\/posts\/7706\/revisions"}],"predecessor-version":[{"id":7709,"href":"https:\/\/mezcalent.com\/news\/wp-json\/wp\/v2\/posts\/7706\/revisions\/7709"}],"wp:featuredmedia":[{"embeddable":true,"href":"https:\/\/mezcalent.com\/news\/wp-json\/wp\/v2\/media\/7708"}],"wp:attachment":[{"href":"https:\/\/mezcalent.com\/news\/wp-json\/wp\/v2\/media?parent=7706"}],"wp:term":[{"taxonomy":"category","embeddable":true,"href":"https:\/\/mezcalent.com\/news\/wp-json\/wp\/v2\/categories?post=7706"},{"taxonomy":"post_tag","embeddable":true,"href":"https:\/\/mezcalent.com\/news\/wp-json\/wp\/v2\/tags?post=7706"}],"curies":[{"name":"wp","href":"https:\/\/api.w.org\/{rel}","templated":true}]}}