{"id":811,"date":"2021-08-31T07:11:14","date_gmt":"2021-08-31T12:11:14","guid":{"rendered":"https:\/\/mezcalent.com\/news\/?p=811"},"modified":"2021-08-31T09:39:41","modified_gmt":"2021-08-31T14:39:41","slug":"video-gloria-trevi-y-maria-leon-se-cuentan-sus-intimidade","status":"publish","type":"post","link":"https:\/\/mezcalent.com\/news\/video-gloria-trevi-y-maria-leon-se-cuentan-sus-intimidade-811.html","title":{"rendered":"VIDEO: Gloria Trevi y Mar\u00eda Le\u00f3n se cuentan sus intimidades"},"content":{"rendered":"\n<p>31 AGO (MEX) .-Gloria Trevi y Mar\u00eda Le\u00f3n presentan su tema \u00abMudanza De Hormiga\u00bb, en el que ambas re\u00fanen sus voces para contar la historia de c\u00f3mo una mujer toma la iniciativa para mudarse a casa de su novio, y aunque las cantantes se conocieron hasta el d\u00eda de grabaci\u00f3n, tuvieron una conexi\u00f3n inmediata y hasta se terminaron contando intimidades.<\/p>\n\n\n\n<p>\u00abDel primer d\u00eda de vernos en persona, est\u00e1bamos hablando como si nos conocieramos de toda la vida, una cercan\u00eda, una humanidad, una calidez\u00bb, se\u00f1ala Mar\u00eda Le\u00f3n.<\/p>\n\n\n\n<p>\u00abA la hora que nos juntamos y platicamos, as\u00ed como cuando te juntas con una amiga de toda tu vida, se cuentan todo, intimidades y todo. Fue muy, muy padre nuestra conexi\u00f3n\u00bb, completa Gloria.<\/p>\n\n\n\n<p>Gloria platica con humor la forma en que hizo su \u00abmudanza de Hormiga\u00bb con su esposo Armando G\u00f3mez.<\/p>\n\n\n\n<p>\u00abEra mi novio, pero no viv\u00edamos juntos, luego poco a poquito \u00e9l tambi\u00e9n fue haciendo una mudanza de hormiga conmigo, \u00a1me embaraz\u00f3!<\/p>\n\n\n\n<p>\u00abAh\u00ed dej\u00f3 una mudanza de hormiga bien grandota, porque dej\u00f3 una semilla maravillosa, fue realmente poco a poquito. Yo iba dejando la pa\u00f1alera, el cepillo de dientes, ropa aqu\u00ed, hasta que hicimos ya la mudanza completa que fue cuando nos casamos\u00bb.<\/p>\n\n\n\n<p><\/p>\n\n\n\n<div><iframe id=\"3400504_1630416228519\" width=\"600\" height=\"338\"><\/iframe><script type=\"text\/javascript\" src=\"\/\/widget.playoncenter.com\/newplayer\/ifriendly\/embed.min.js\"><\/script><script type=\"application\/javascript\">(function(){IFRIENDLY_DATA.init({\"idFrm\":\"3400504_1630416228519\",\"url\":\"webservice\/video\/12957\/3400504\/600\/338\/1\/last\/0\/0\",\"twitter\":\"\",\"volume\":100,\"autoplay\":0,\"hasVideoRelated\":0,\"social_page\":1,\"share_rrss\":1,\"playerType\":0,\"domain\":\"\/\/widget.playoncenter.com\/\"});})()<\/script><\/div>\n\n\n\n<p><\/p>\n\n\n\n<p>Adem\u00e1s, la cantante de \u00abTodos me Miran\u00bb comparte que mucha gente se opon\u00eda al romance que ten\u00eda con Armando, pero al final su amor result\u00f3 triunfante.<\/p>\n\n\n\n<p>\u00abHubo mucha gente que se opon\u00eda a la relaci\u00f3n de Armando y yo; por ejemplo, cuando yo estaba en Chihuahua, mucha gente le dec\u00eda a \u00e9l que yo andaba con \u00e9l nada m\u00e1s por el inter\u00e9s de que me llevaba mandado.<\/p>\n\n\n\n<p>\u00abA m\u00ed me dec\u00edan que \u00e9l andaba conmigo porque yo era Gloria Trevi, hubo mucha gente as\u00ed que se interpon\u00eda\u00bb.<\/p>\n\n\n\n<p>Erika Uribe y Lalo Carrasco\/MezcalTV<\/p>\n","protected":false},"excerpt":{"rendered":"<p>31 AGO (MEX) .-Gloria Trevi y Mar\u00eda Le\u00f3n presentan su tema &quot;Mudanza De Hormiga&quot;, en el que ambas re\u00fanen sus voces para contar la historia de c\u00f3mo una mujer toma la iniciativa para mudarse a casa de su novio, y aunque las cantantes se conocieron hasta el d\u00eda de grabaci\u00f3n, tuvieron una conexi\u00f3n inmediata y hasta se terminaron contando intimidades.<\/p>\n","protected":false},"author":3,"featured_media":813,"comment_status":"closed","ping_status":"closed","sticky":false,"template":"","format":"standard","meta":{"_seopress_robots_primary_cat":"none"},"categories":[1],"tags":[103,237],"acf":[],"_links":{"self":[{"href":"https:\/\/mezcalent.com\/news\/wp-json\/wp\/v2\/posts\/811"}],"collection":[{"href":"https:\/\/mezcalent.com\/news\/wp-json\/wp\/v2\/posts"}],"about":[{"href":"https:\/\/mezcalent.com\/news\/wp-json\/wp\/v2\/types\/post"}],"author":[{"embeddable":true,"href":"https:\/\/mezcalent.com\/news\/wp-json\/wp\/v2\/users\/3"}],"replies":[{"embeddable":true,"href":"https:\/\/mezcalent.com\/news\/wp-json\/wp\/v2\/comments?post=811"}],"version-history":[{"count":3,"href":"https:\/\/mezcalent.com\/news\/wp-json\/wp\/v2\/posts\/811\/revisions"}],"predecessor-version":[{"id":826,"href":"https:\/\/mezcalent.com\/news\/wp-json\/wp\/v2\/posts\/811\/revisions\/826"}],"wp:featuredmedia":[{"embeddable":true,"href":"https:\/\/mezcalent.com\/news\/wp-json\/wp\/v2\/media\/813"}],"wp:attachment":[{"href":"https:\/\/mezcalent.com\/news\/wp-json\/wp\/v2\/media?parent=811"}],"wp:term":[{"taxonomy":"category","embeddable":true,"href":"https:\/\/mezcalent.com\/news\/wp-json\/wp\/v2\/categories?post=811"},{"taxonomy":"post_tag","embeddable":true,"href":"https:\/\/mezcalent.com\/news\/wp-json\/wp\/v2\/tags?post=811"}],"curies":[{"name":"wp","href":"https:\/\/api.w.org\/{rel}","templated":true}]}}