{"id":8168,"date":"2023-05-18T09:19:05","date_gmt":"2023-05-18T15:19:05","guid":{"rendered":"https:\/\/mezcalent.com\/news\/?p=8168"},"modified":"2023-05-18T09:19:06","modified_gmt":"2023-05-18T15:19:06","slug":"jennifer-lopez-siente-culpa-por-la-infancia-de-sus-hijos","status":"publish","type":"post","link":"https:\/\/mezcalent.com\/news\/jennifer-lopez-siente-culpa-por-la-infancia-de-sus-hijos-8168.html","title":{"rendered":"Jennifer L\u00f3pez siente culpa por la infancia de sus hijos"},"content":{"rendered":"\n<p>18 MAY (MEX) .- Jennifer L\u00f3pez est\u00e1 consciente que desde que sus hijos nacieron est\u00e1n expuestos a los medios de comunicaci\u00f3n y, aunque ellos parecen estar acostumbrados, para ella no ha sido f\u00e1cil aceptarlo.<\/p>\n\n\n\n<p>En entrevista radiof\u00f3nica con Audacy, la cantante revel\u00f3 que en varias ocasiones se ha sentido culpable por el hecho de que Max y Emme no hayan tenido una infancia normal, pues desde chicos han sido criticados por ser hijos de celebridades.<\/p>\n\n\n\n<p>\u00abEllos no eligieron ser hijos de famosos.&nbsp;Ser juzgados por personas que ni siquiera conoces es realmente duro para ellos. Es como si supieran que hay una lente sobre ellos y eso es complejo, especialmente ahora que los dos tienen 15 a\u00f1os\u00bb, dijo J. Lo.<\/p>\n\n\n\n<p>Para finalizar, la llamada \u00abDiva del Bronx\u00bb destac\u00f3 que, pese a todo, ha permitido que los mellizos experimenten ciertas experiencias negativas, pues sabe que esto los har\u00e1 crecer y comenzar a forjar su car\u00e1cter y personalidad.<\/p>\n\n\n\n<p>Fiera Lasa\/Mezcalent.com&nbsp;<\/p>\n\n\n\n<p>&lt;i&gt;Prohibida su reproducci\u00f3n parcial o total. La copia o distribuci\u00f3n no autorizada de este art\u00edculo y su correspondiente imagen infringe los derechos de autor.&lt;\/i&gt;<\/p>\n","protected":false},"excerpt":{"rendered":"<p>18 MAY (MEX) .- Jennifer L\u00f3pez est\u00e1 consciente que desde que sus hijos nacieron est\u00e1n expuestos a los medios de comunicaci\u00f3n y, aunque ellos parecen estar acostumbrados, para ella no ha sido f\u00e1cil aceptarlo.<\/p>\n","protected":false},"author":3,"featured_media":8170,"comment_status":"closed","ping_status":"closed","sticky":false,"template":"","format":"standard","meta":{"_seopress_robots_primary_cat":"none"},"categories":[1],"tags":[63],"acf":[],"_links":{"self":[{"href":"https:\/\/mezcalent.com\/news\/wp-json\/wp\/v2\/posts\/8168"}],"collection":[{"href":"https:\/\/mezcalent.com\/news\/wp-json\/wp\/v2\/posts"}],"about":[{"href":"https:\/\/mezcalent.com\/news\/wp-json\/wp\/v2\/types\/post"}],"author":[{"embeddable":true,"href":"https:\/\/mezcalent.com\/news\/wp-json\/wp\/v2\/users\/3"}],"replies":[{"embeddable":true,"href":"https:\/\/mezcalent.com\/news\/wp-json\/wp\/v2\/comments?post=8168"}],"version-history":[{"count":1,"href":"https:\/\/mezcalent.com\/news\/wp-json\/wp\/v2\/posts\/8168\/revisions"}],"predecessor-version":[{"id":8171,"href":"https:\/\/mezcalent.com\/news\/wp-json\/wp\/v2\/posts\/8168\/revisions\/8171"}],"wp:featuredmedia":[{"embeddable":true,"href":"https:\/\/mezcalent.com\/news\/wp-json\/wp\/v2\/media\/8170"}],"wp:attachment":[{"href":"https:\/\/mezcalent.com\/news\/wp-json\/wp\/v2\/media?parent=8168"}],"wp:term":[{"taxonomy":"category","embeddable":true,"href":"https:\/\/mezcalent.com\/news\/wp-json\/wp\/v2\/categories?post=8168"},{"taxonomy":"post_tag","embeddable":true,"href":"https:\/\/mezcalent.com\/news\/wp-json\/wp\/v2\/tags?post=8168"}],"curies":[{"name":"wp","href":"https:\/\/api.w.org\/{rel}","templated":true}]}}