{"id":9214,"date":"2023-08-17T09:05:00","date_gmt":"2023-08-17T15:05:00","guid":{"rendered":"https:\/\/mezcalent.com\/news\/?p=9214"},"modified":"2023-08-17T09:33:58","modified_gmt":"2023-08-17T15:33:58","slug":"video-karyme-lozano-ya-perdono-a-cristian-de-la-fuente","status":"publish","type":"post","link":"https:\/\/mezcalent.com\/news\/video-karyme-lozano-ya-perdono-a-cristian-de-la-fuente-9214.html","title":{"rendered":"VIDEO: Karyme Lozano ya perdon\u00f3 a Cristian de la Fuente"},"content":{"rendered":"\n<p>17 AGO (MEX).- Karyme Lozano manda un contundente mensaje a Cristian de la Fuente y explica que ya lo ha perdonado por haberle hecho bullying en el 2013 cuando protagonizaban la telenovela \u00abQuiero Amarte\u00bb, situaci\u00f3n que la actriz sac\u00f3 a la luz hace algunos meses durante una entrevista.<\/p>\n\n\n\n<p>\u00abQue Dios lo bendiga, que est\u00e1 perdonado, que Dios lo bendiga enormemente\u00bb.<\/p>\n\n\n\n<p>Aunque Karyme ya no quiere hablar m\u00e1s de esa dif\u00edcil experiencia que vivi\u00f3 al lado del actor chileno, comparte que le dej\u00f3 mucho aprendizaje.<\/p>\n\n\n\n<p>\u00abPues yo ya prefiero no hablar al respecto, lo \u00fanico que puedo decir es que en la vida, el amor y la verdad siempre triunfan\u2026<\/p>\n\n\n\n<p>\u00abEso lo compart\u00ed en el momento que necesitaba compartirlo y fue una experiencia que me hizo m\u00e1s fuerte. Aprendes a que ya no te vuelves a dejar, aprendes a valorarte, aprendes a amarte, que mereces lo mejor y que todos deben de respetarte en cualquier trabajo, sea cual sea el puesto, seas hombre, seas mujer, te tienen que respetar\u00bb.<\/p>\n\n\n\n<p><\/p>\n\n\n\n<div id=\"Player_Playoncontent\"><iframe id=\"3661815_1692282830345\" title=\"VIDEO: Karyme Lozano ya perdon\u00f3 a Cristian de la Fuente\" width=\"600\" height=\"338\"  allow=\"autoplay; fullscreen\"><\/iframe><script type=\"text\/javascript\" src=\"\/\/widget.playoncenter.com\/newplayer\/ifriendly\/embed.min.js\"><\/script><script type=\"application\/javascript\">(function(){IFRIENDLY_DATA.init({\"idFrm\":\"3661815_1692282830345\",\"type\":\"video\",\"affId\":\"12956\",\"filter\":\"3661815\",\"width\":600,\"height\":338,\"twitter\":\"\",\"volume\":100,\"autoplay\":0,\"hasVideoRelated\":0,\"share_rrss\":1,\"max\":50,\"limit\":25,\"domain\":\"\/\/widget.playoncenter.com\/\",\"viewFriendly\":1,\"lazyload\":0});})()<\/script><\/div>\n\n\n\n<p><\/p>\n\n\n\n<p>Karyme encabeza el elenco estelar de la telenovela \u00abMinas de Pasi\u00f3n\u00bb (TelevisaUnivision), que estrenar\u00e1 en las pantallas mexicanas el pr\u00f3ximo 21 de agosto, pues ha podido regresar a la actuaci\u00f3n gracias a que sus hijos adoptivos, Mateo y Ana Luc\u00eda, ya est\u00e1n m\u00e1s grandes.<\/p>\n\n\n\n<p>\u00abEstaba muy enfocada en la familia, en mis peque\u00f1os, ahorita ya mateo tiene 5 (a\u00f1os), Anita tiene 4, entonces ya van a la escuela, ya puedo hacer las dos cosas, mi carrera y mi familia\u00bb.<\/p>\n\n\n\n<p>Adem\u00e1s, la protagonista de \u00abMi Secreto\u00bb afirma estar muy orgullosa de su hija mayor \u00c1ngela, pues ha formado una familia y pronto la convertir\u00e1 en abuela.<\/p>\n\n\n\n<p>\u00abVoy a ser abuela. Nace en octubre mi nieta, estoy feliz, estoy emocionada, estoy agradecida.<\/p>\n\n\n\n<p>\u00abFeliz de que \u00c1ngela y su esposo sean j\u00f3venes con valores, con f\u00e9. Ahorita ya sabes que ni los adultos quieren comprometerse, ni los mayores se quieren comprometer y me encanta que ellos (siendo) j\u00f3venes, que \u00c1ngela termin\u00f3 su carrera, se quiso casar j\u00f3ven, que va a tener a su hija, que s\u00ed se puede, se puede todo en la vida\u00bb.<\/p>\n\n\n\n<p>Erika Uribe y Lalo Carrasco\/MezcalTV<\/p>\n\n\n\n<p>Prohibida su reproducci\u00f3n parcial o total. La copia o distribuci\u00f3n no autorizada de este art\u00edculo y su correspondiente imagen infringe los derechos de autor.<\/p>\n","protected":false},"excerpt":{"rendered":"<p>17 AGO (MEX).- Karyme Lozano manda un contundente mensaje a Cristian de la Fuente y explica que ya lo ha perdonado por haberle hecho bullying en el 2013 cuando protagonizaban la telenovela &quot;Quiero Amarte&quot;, situaci\u00f3n que la actriz sac\u00f3 a la luz hace algunos meses durante una entrevista.<\/p>\n","protected":false},"author":4,"featured_media":9217,"comment_status":"closed","ping_status":"closed","sticky":false,"template":"","format":"standard","meta":{"_seopress_robots_primary_cat":"none"},"categories":[1],"tags":[1400,1495,1494],"acf":[],"_links":{"self":[{"href":"https:\/\/mezcalent.com\/news\/wp-json\/wp\/v2\/posts\/9214"}],"collection":[{"href":"https:\/\/mezcalent.com\/news\/wp-json\/wp\/v2\/posts"}],"about":[{"href":"https:\/\/mezcalent.com\/news\/wp-json\/wp\/v2\/types\/post"}],"author":[{"embeddable":true,"href":"https:\/\/mezcalent.com\/news\/wp-json\/wp\/v2\/users\/4"}],"replies":[{"embeddable":true,"href":"https:\/\/mezcalent.com\/news\/wp-json\/wp\/v2\/comments?post=9214"}],"version-history":[{"count":2,"href":"https:\/\/mezcalent.com\/news\/wp-json\/wp\/v2\/posts\/9214\/revisions"}],"predecessor-version":[{"id":9229,"href":"https:\/\/mezcalent.com\/news\/wp-json\/wp\/v2\/posts\/9214\/revisions\/9229"}],"wp:featuredmedia":[{"embeddable":true,"href":"https:\/\/mezcalent.com\/news\/wp-json\/wp\/v2\/media\/9217"}],"wp:attachment":[{"href":"https:\/\/mezcalent.com\/news\/wp-json\/wp\/v2\/media?parent=9214"}],"wp:term":[{"taxonomy":"category","embeddable":true,"href":"https:\/\/mezcalent.com\/news\/wp-json\/wp\/v2\/categories?post=9214"},{"taxonomy":"post_tag","embeddable":true,"href":"https:\/\/mezcalent.com\/news\/wp-json\/wp\/v2\/tags?post=9214"}],"curies":[{"name":"wp","href":"https:\/\/api.w.org\/{rel}","templated":true}]}}