{"id":961,"date":"2021-09-10T08:14:05","date_gmt":"2021-09-10T13:14:05","guid":{"rendered":"https:\/\/mezcalent.com\/news\/?p=961"},"modified":"2021-09-10T08:14:06","modified_gmt":"2021-09-10T13:14:06","slug":"thalia-estuvo-a-punto-de-tener-a-cerati-en-su-primera-fila","status":"publish","type":"post","link":"https:\/\/mezcalent.com\/news\/thalia-estuvo-a-punto-de-tener-a-cerati-en-su-primera-fila-961.html","title":{"rendered":"Thal\u00eda estuvo a punto de tener a Cerati en su Primera Fila"},"content":{"rendered":"\n<p>10 SEP (MEX) .- Hace m\u00e1s de una d\u00e9cada Thal\u00eda cautiv\u00f3 a su p\u00fablico interpretando sus m\u00e1s grandes \u00e9xitos en un concepto ac\u00fastico de nombre \u00abPrimera Fila\u00bb y, a diferencia de otros artistas, no cont\u00f3 con ning\u00fan dueto, situaci\u00f3n que pudo haber sido diferente con la ayuda de Gustavo Cerati.<\/p>\n\n\n\n<p>Paul Forat, productor del \u00e1lbum, revel\u00f3 al podcast de YouTube \u00abContenido Extra\u00bb que el fallecido vocalista de Soda Stereo acudi\u00f3 a las pruebas finales del espect\u00e1culo de la mexicana y qued\u00f3 cautivado por su talento. Asimismo, confes\u00f3 que ten\u00eda la idea de que el argentino fuera un invitado especial, pero nunca se lo acab\u00f3 proponiendo.<\/p>\n\n\n\n<p>\u00abUna vez fui a cenar con Gustavo estando en Miami y le propuse que, si quer\u00eda ir a ver a Thal\u00eda ensayar, sinceramente pens\u00e9 que me dir\u00eda que no, pero acept\u00f3 encantado. Estuve a punto de invitarlo a que actuara, pero al final ya no me atrev\u00ed. Ahora me arrepiento much\u00edsimo porque s\u00e9 que hubiera sido un gran dueto\u00bb, dijo el ejecutivo.<\/p>\n\n\n\n<p>Por otro lado, el productor dijo sentirse algo apenado, pues a\u00f1os despu\u00e9s de terminar el proyecto musical, la int\u00e9rprete de \u00abMan\u00edas\u00bb siempre lo mencionaba en sus entrevistas y le agradec\u00eda por el gran trabajo que hab\u00eda hecho.<\/p>\n\n\n\n<p>Fiera Lasa\/Mezcalent.com<\/p>\n\n\n\n<p>&lt;i&gt;Prohibida su reproducci\u00f3n parcial o total. La copia o distribuci\u00f3n no autorizada de este art\u00edculo y su correspondiente imagen infringe los derechos de autor.&lt;\/i&gt;<\/p>\n","protected":false},"excerpt":{"rendered":"<p>10 SEP (MEX) .- Hace m\u00e1s de una d\u00e9cada Thal\u00eda cautiv\u00f3 a su p\u00fablico interpretando sus m\u00e1s grandes \u00e9xitos en un concepto ac\u00fastico de nombre &quot;Primera Fila&quot; y, a diferencia de otros artistas, no cont\u00f3 con ning\u00fan dueto, situaci\u00f3n que pudo haber sido diferente con la ayuda de Gustavo Cerati.<\/p>\n","protected":false},"author":3,"featured_media":963,"comment_status":"closed","ping_status":"closed","sticky":false,"template":"","format":"standard","meta":{"_seopress_robots_primary_cat":"none"},"categories":[1],"tags":[279,280,26],"acf":[],"_links":{"self":[{"href":"https:\/\/mezcalent.com\/news\/wp-json\/wp\/v2\/posts\/961"}],"collection":[{"href":"https:\/\/mezcalent.com\/news\/wp-json\/wp\/v2\/posts"}],"about":[{"href":"https:\/\/mezcalent.com\/news\/wp-json\/wp\/v2\/types\/post"}],"author":[{"embeddable":true,"href":"https:\/\/mezcalent.com\/news\/wp-json\/wp\/v2\/users\/3"}],"replies":[{"embeddable":true,"href":"https:\/\/mezcalent.com\/news\/wp-json\/wp\/v2\/comments?post=961"}],"version-history":[{"count":1,"href":"https:\/\/mezcalent.com\/news\/wp-json\/wp\/v2\/posts\/961\/revisions"}],"predecessor-version":[{"id":964,"href":"https:\/\/mezcalent.com\/news\/wp-json\/wp\/v2\/posts\/961\/revisions\/964"}],"wp:featuredmedia":[{"embeddable":true,"href":"https:\/\/mezcalent.com\/news\/wp-json\/wp\/v2\/media\/963"}],"wp:attachment":[{"href":"https:\/\/mezcalent.com\/news\/wp-json\/wp\/v2\/media?parent=961"}],"wp:term":[{"taxonomy":"category","embeddable":true,"href":"https:\/\/mezcalent.com\/news\/wp-json\/wp\/v2\/categories?post=961"},{"taxonomy":"post_tag","embeddable":true,"href":"https:\/\/mezcalent.com\/news\/wp-json\/wp\/v2\/tags?post=961"}],"curies":[{"name":"wp","href":"https:\/\/api.w.org\/{rel}","templated":true}]}}